{"id":90883,"date":"2024-10-25T01:14:43","date_gmt":"2024-10-25T01:14:43","guid":{"rendered":"https:\/\/elobservadorzonanorte.com.mx\/?p=90883"},"modified":"2024-10-25T01:14:44","modified_gmt":"2024-10-25T01:14:44","slug":"localiza-policia-municipal-a-menor-de-edad-perteneciente-a-grupo-vulnerable-en-tuxtla-gutierrez","status":"publish","type":"post","link":"https:\/\/elobservadorzonanorte.com.mx\/?p=90883","title":{"rendered":"*Localiza Polic\u00eda Municipal a menor de edad perteneciente a grupo vulnerable, en Tuxtla Guti\u00e9rrez*"},"content":{"rendered":"\n<figure class=\"wp-block-image size-full\"><img decoding=\"async\" width=\"526\" height=\"598\" src=\"https:\/\/elobservadorzonanorte.com.mx\/wp-content\/uploads\/2024\/10\/464364073_2832196093616034_7783630236608635939_n.jpg\" alt=\"\" class=\"wp-image-90884\"\/><\/figure>\n\n\n\n<p>Tuxtla Guti\u00e9rrez, Chiapas. 24 de Octubre de 2024.- Luego de tomar conocimiento del reporte de b\u00fasqueda emitido por la Comisi\u00f3n Estatal de B\u00fasqueda de Personas, elementos de la Secretar\u00eda de Seguridad P\u00fablica y Tr\u00e1nsito Municipal localizaron, sana y salva, a una adolescente de 15 a\u00f1os de edad, de identidad resguardada con iniciales Y. A. M. M., perteneciente a un grupo vulnerable, <a><\/a>la cual hab\u00eda sido reportada como no localizada en la capital del estado.<\/p>\n\n\n\n<p>Derivado del citado reporte, \u00e9sta Secretar\u00eda se avoc\u00f3 a su b\u00fasqueda inmediata, localiz\u00e1ndola en las primeras horas de este jueves sobre la 3\u00aa oriente, entre 8\u00aa y 9\u00aa sur (Plaza del Mariachi), donde fue resguardada y valorada en su estado de salud, el cual se report\u00f3 sin ning\u00fan tipo de lesi\u00f3n, dando aviso de inmediato a su padre, Jos\u00e9 \u2018N\u2019, de 41 a\u00f1os de edad.<\/p>\n\n\n\n<p>Asimismo, se dio aviso a las autoridades correspondientes sobre la localizaci\u00f3n de la menor, por lo que, una vez que se corrobor\u00f3 identidad, personal policial de la Secretar\u00eda de Seguridad P\u00fablica y Tr\u00e1nsito Municipal hizo entrega de la menor a su pap\u00e1, a quien se exhort\u00f3 sobre la importancia de reforzar cuidados para evitar cualquier situaci\u00f3n de dif\u00edcil o imposible reparaci\u00f3n.<\/p>\n\n\n\n<p><a href=\"https:\/\/www.facebook.com\/hashtag\/contigoportuseguridad?__eep__=6&amp;__cft__[0]=AZXeBzeFrZW6ZeTm1a0vt9X0KwetwfIGoNqkS1RsgctWgxZVbSttHC0rX7Z1uHHkTbakpAJtyU6RwCfxxVb6X66dDpjUPWQXQgnUyjKrRUC3gzCovLuc72M1zuONR-RZXXa47AY_kF_hCe01PtkXwUpxG3mB_wdcAOzjyEVuZlU-gA9elqW-JjuAA1bUJxpDXBLjRYvX96Vg1t9D_OO37I79&amp;__tn__=*NK-R\" target=\"_blank\" rel=\"noopener\">#ContigoPorTuSeguridad<\/a><\/p>\n\n\n\n<p><\/p>\n","protected":false},"excerpt":{"rendered":"<p>Tuxtla Guti\u00e9rrez, Chiapas. 24 de Octubre de 2024.- Luego de tomar conocimiento del reporte de b\u00fasqueda emitido por la Comisi\u00f3n Estatal de B\u00fasqueda de Personas, elementos de la Secretar\u00eda de Seguridad P\u00fablica y Tr\u00e1nsito Municipal localizaron, sana y salva, a una adolescente de 15 a\u00f1os de edad, de identidad resguardada con iniciales Y. A. M. [&hellip;]<\/p>\n","protected":false},"author":1,"featured_media":90884,"comment_status":"closed","ping_status":"closed","sticky":false,"template":"","format":"standard","meta":{"footnotes":""},"categories":[3],"tags":[],"class_list":["post-90883","post","type-post","status-publish","format-standard","has-post-thumbnail","hentry","category-estatal"],"_links":{"self":[{"href":"https:\/\/elobservadorzonanorte.com.mx\/index.php?rest_route=\/wp\/v2\/posts\/90883","targetHints":{"allow":["GET"]}}],"collection":[{"href":"https:\/\/elobservadorzonanorte.com.mx\/index.php?rest_route=\/wp\/v2\/posts"}],"about":[{"href":"https:\/\/elobservadorzonanorte.com.mx\/index.php?rest_route=\/wp\/v2\/types\/post"}],"author":[{"embeddable":true,"href":"https:\/\/elobservadorzonanorte.com.mx\/index.php?rest_route=\/wp\/v2\/users\/1"}],"replies":[{"embeddable":true,"href":"https:\/\/elobservadorzonanorte.com.mx\/index.php?rest_route=%2Fwp%2Fv2%2Fcomments&post=90883"}],"version-history":[{"count":0,"href":"https:\/\/elobservadorzonanorte.com.mx\/index.php?rest_route=\/wp\/v2\/posts\/90883\/revisions"}],"wp:featuredmedia":[{"embeddable":true,"href":"https:\/\/elobservadorzonanorte.com.mx\/index.php?rest_route=\/wp\/v2\/media\/90884"}],"wp:attachment":[{"href":"https:\/\/elobservadorzonanorte.com.mx\/index.php?rest_route=%2Fwp%2Fv2%2Fmedia&parent=90883"}],"wp:term":[{"taxonomy":"category","embeddable":true,"href":"https:\/\/elobservadorzonanorte.com.mx\/index.php?rest_route=%2Fwp%2Fv2%2Fcategories&post=90883"},{"taxonomy":"post_tag","embeddable":true,"href":"https:\/\/elobservadorzonanorte.com.mx\/index.php?rest_route=%2Fwp%2Fv2%2Ftags&post=90883"}],"curies":[{"name":"wp","href":"https:\/\/api.w.org\/{rel}","templated":true}]}}