{"id":90845,"date":"2024-10-24T03:59:41","date_gmt":"2024-10-24T03:59:41","guid":{"rendered":"https:\/\/elobservadorzonanorte.com.mx\/?p=90845"},"modified":"2024-10-24T03:59:42","modified_gmt":"2024-10-24T03:59:42","slug":"personal-del-juzgado-municipal-recibe-capacitacion-en-justicia-alternativa-y-procedimientos-judiciales","status":"publish","type":"post","link":"https:\/\/elobservadorzonanorte.com.mx\/?p=90845","title":{"rendered":"PERSONAL DEL JUZGADO MUNICIPAL RECIBE CAPACITACI\u00d3N EN JUSTICIA ALTERNATIVA Y PROCEDIMIENTOS JUDICIALES"},"content":{"rendered":"\n<figure class=\"wp-block-image size-full\"><img decoding=\"async\" width=\"600\" height=\"293\" src=\"https:\/\/elobservadorzonanorte.com.mx\/wp-content\/uploads\/2024\/10\/464173897_2830987810403529_2480852164074047233_n.jpg\" alt=\"\" class=\"wp-image-90848\"\/><\/figure>\n\n\n\n<figure class=\"wp-block-image size-full\"><img decoding=\"async\" width=\"600\" height=\"450\" src=\"https:\/\/elobservadorzonanorte.com.mx\/wp-content\/uploads\/2024\/10\/464386180_2830987897070187_1548439713012524263_n.jpg\" alt=\"\" class=\"wp-image-90847\"\/><\/figure>\n\n\n\n<figure class=\"wp-block-image size-full\"><img decoding=\"async\" width=\"600\" height=\"450\" src=\"https:\/\/elobservadorzonanorte.com.mx\/wp-content\/uploads\/2024\/10\/464435622_2830987877070189_3188465114633413117_n.jpg\" alt=\"\" class=\"wp-image-90846\"\/><\/figure>\n\n\n\n<p>Con el objetivo de mejorar los servicios y procesos de atenci\u00f3n a la ciudadan\u00eda, personal del Juzgado Municipal de Ju\u00e1rez, bajo la administraci\u00f3n del presidente Oscar Serra Cantoral particip\u00f3 en el curso-taller \u00abJusticia Alternativa y Procedimientos en los Juzgados Municipales\u00bb. Esta capacitaci\u00f3n fue impartida por el Instituto de Formaci\u00f3n, Profesionalizaci\u00f3n y Carrera <a><\/a>Judicial, reforzando el compromiso del gobierno municipal de garantizar una atenci\u00f3n eficiente y profesional en la impartici\u00f3n de justicia.<\/p>\n\n\n\n<p>El Juez Municipal, Daniel Cort\u00e1zar Mendoza expres\u00f3 la importancia de esta formaci\u00f3n continua para el correcto desempe\u00f1o de sus funciones. \u00abEstas capacitaciones nos permiten estar al d\u00eda en los procedimientos y herramientas que mejoran el servicio que brindamos a la comunidad. Agradecemos al presidente municipal Oscar Serra Cantoral por su constante apoyo en garantizar que el personal del juzgado est\u00e9 capacitado, lo que sin duda nos ayuda a brindar una justicia m\u00e1s eficiente y cercana a los ciudadanos\u00bb, se\u00f1al\u00f3 el juez.<\/p>\n\n\n\n<p>El curso-taller abord\u00f3 temas clave sobre la justicia alternativa, que fomenta la resoluci\u00f3n de conflictos de manera pac\u00edfica, y los procedimientos actualizados que deben seguirse en los juzgados municipales.<\/p>\n\n\n\n<p>Con estas acciones el Gobierno Municipal reafirma su compromiso con la profesionalizaci\u00f3n de sus servidores p\u00fablicos para ofrecer una atenci\u00f3n de calidad a todos los juarenses.<\/p>\n\n\n\n<p><a href=\"https:\/\/www.facebook.com\/hashtag\/sigamoshaci%C3%A9ndolojuntos?__eep__=6&amp;__cft__[0]=AZVQ9oVtgB0SwqoZqA0tqDeFEinDeAtBHKL1a4JnLTsYAm289R4D0RYxWAKC6uAS8t6t8TeaRCZ3nRc52m8cM2CrPz6IHkKCvggaBi00L7Y9qp-Duk1adW8an2mIeZZt2miMxJAP3BhDvHbm81uauzhsU-9c6j-kSFhEXs6I-9IeEf4ifRYljjuC57ijmZnXPDMpazJS3eLUnNnUIF_xUi-d&amp;__tn__=*NK-R\" target=\"_blank\" rel=\"noopener\">#SigamosHaci\u00e9ndoloJuntos<\/a><\/p>\n","protected":false},"excerpt":{"rendered":"<p>Con el objetivo de mejorar los servicios y procesos de atenci\u00f3n a la ciudadan\u00eda, personal del Juzgado Municipal de Ju\u00e1rez, bajo la administraci\u00f3n del presidente Oscar Serra Cantoral particip\u00f3 en el curso-taller \u00abJusticia Alternativa y Procedimientos en los Juzgados Municipales\u00bb. Esta capacitaci\u00f3n fue impartida por el Instituto de Formaci\u00f3n, Profesionalizaci\u00f3n y Carrera Judicial, reforzando el [&hellip;]<\/p>\n","protected":false},"author":1,"featured_media":90848,"comment_status":"closed","ping_status":"closed","sticky":false,"template":"","format":"standard","meta":{"footnotes":""},"categories":[3],"tags":[],"class_list":["post-90845","post","type-post","status-publish","format-standard","has-post-thumbnail","hentry","category-estatal"],"_links":{"self":[{"href":"https:\/\/elobservadorzonanorte.com.mx\/index.php?rest_route=\/wp\/v2\/posts\/90845","targetHints":{"allow":["GET"]}}],"collection":[{"href":"https:\/\/elobservadorzonanorte.com.mx\/index.php?rest_route=\/wp\/v2\/posts"}],"about":[{"href":"https:\/\/elobservadorzonanorte.com.mx\/index.php?rest_route=\/wp\/v2\/types\/post"}],"author":[{"embeddable":true,"href":"https:\/\/elobservadorzonanorte.com.mx\/index.php?rest_route=\/wp\/v2\/users\/1"}],"replies":[{"embeddable":true,"href":"https:\/\/elobservadorzonanorte.com.mx\/index.php?rest_route=%2Fwp%2Fv2%2Fcomments&post=90845"}],"version-history":[{"count":0,"href":"https:\/\/elobservadorzonanorte.com.mx\/index.php?rest_route=\/wp\/v2\/posts\/90845\/revisions"}],"wp:featuredmedia":[{"embeddable":true,"href":"https:\/\/elobservadorzonanorte.com.mx\/index.php?rest_route=\/wp\/v2\/media\/90848"}],"wp:attachment":[{"href":"https:\/\/elobservadorzonanorte.com.mx\/index.php?rest_route=%2Fwp%2Fv2%2Fmedia&parent=90845"}],"wp:term":[{"taxonomy":"category","embeddable":true,"href":"https:\/\/elobservadorzonanorte.com.mx\/index.php?rest_route=%2Fwp%2Fv2%2Fcategories&post=90845"},{"taxonomy":"post_tag","embeddable":true,"href":"https:\/\/elobservadorzonanorte.com.mx\/index.php?rest_route=%2Fwp%2Fv2%2Ftags&post=90845"}],"curies":[{"name":"wp","href":"https:\/\/api.w.org\/{rel}","templated":true}]}}