{"id":90838,"date":"2024-10-24T02:27:39","date_gmt":"2024-10-24T02:27:39","guid":{"rendered":"https:\/\/elobservadorzonanorte.com.mx\/?p=90838"},"modified":"2024-10-24T02:27:39","modified_gmt":"2024-10-24T02:27:39","slug":"%f0%9d%90%8b%f0%9d%90%9a-%f0%9d%90%92%f0%9d%90%84%f0%9d%90%83%f0%9d%90%84%f0%9d%90%8d%f0%9d%90%80-%f0%9d%90%9c%f0%9d%90%a8%f0%9d%90%a7%f0%9d%90%9c%f0%9d%90%a5%f0%9d%90%ae%f0%9d%90%b2%f0%9d%90%9e","status":"publish","type":"post","link":"https:\/\/elobservadorzonanorte.com.mx\/?p=90838","title":{"rendered":"\ud835\udc0b\ud835\udc1a \ud835\udc12\ud835\udc04\ud835\udc03\ud835\udc04\ud835\udc0d\ud835\udc00 \ud835\udc1c\ud835\udc28\ud835\udc27\ud835\udc1c\ud835\udc25\ud835\udc2e\ud835\udc32\ud835\udc1e \ud835\udc25\ud835\udc1a\ud835\udc1b\ud835\udc28\ud835\udc2b\ud835\udc1e\ud835\udc2c \ud835\udc1e\ud835\udc27 \ud835\udc0f\ud835\udc1a\ud835\udc27\ud835\udc2d\ud835\udc1e\ud835\udc29\ud835\udc1e\ud835\udc1c: \ud835\udc00\ud835\udc20\ud835\udc2b\ud835\udc1a\ud835\udc1d\ud835\udc1e\ud835\udc1c\ud835\udc22\ud835\udc26\ud835\udc22\ud835\udc1e\ud835\udc27\ud835\udc2d\ud835\udc28 \ud835\udc1d\ud835\udc1e\ud835\udc25 \ud835\udc00\ud835\udc32\ud835\udc2e\ud835\udc27\ud835\udc2d\ud835\udc1a\ud835\udc26\ud835\udc22\ud835\udc1e\ud835\udc27\ud835\udc2d\ud835\udc28 \ud835\udc29\ud835\udc28\ud835\udc2b \ud835\udc1e\ud835\udc25 \ud835\udc1a\ud835\udc29\ud835\udc28\ud835\udc32\ud835\udc28 \ud835\udc1a \ud835\udc1f\ud835\udc1a\ud835\udc26\ud835\udc22\ud835\udc25\ud835\udc22\ud835\udc1a\ud835\udc2c \ud835\udc1a\ud835\udc1f\ud835\udc1e\ud835\udc1c\ud835\udc2d\ud835\udc1a\ud835\udc1d\ud835\udc1a\ud835\udc2c"},"content":{"rendered":"\n<figure class=\"wp-block-image size-full\"><img decoding=\"async\" width=\"600\" height=\"450\" src=\"https:\/\/elobservadorzonanorte.com.mx\/wp-content\/uploads\/2024\/10\/464444566_2830972330405077_713775706126958186_n.jpg\" alt=\"\" class=\"wp-image-90841\"\/><\/figure>\n\n\n\n<figure class=\"wp-block-image size-full\"><img decoding=\"async\" width=\"450\" height=\"600\" src=\"https:\/\/elobservadorzonanorte.com.mx\/wp-content\/uploads\/2024\/10\/464308592_2830972300405080_7847352664357227862_n.jpg\" alt=\"\" class=\"wp-image-90840\"\/><\/figure>\n\n\n\n<div class=\"wp-block-cover\"><span aria-hidden=\"true\" class=\"wp-block-cover__background has-background-dim\"><\/span><img decoding=\"async\" width=\"600\" height=\"450\" class=\"wp-block-cover__image-background wp-image-90839\" alt=\"\" src=\"https:\/\/elobservadorzonanorte.com.mx\/wp-content\/uploads\/2024\/10\/464336100_2830972220405088_4255602361746033673_n.jpg\" data-object-fit=\"cover\"\/><div class=\"wp-block-cover__inner-container is-layout-flow wp-block-cover-is-layout-flow\">\n<p class=\"has-text-align-center has-large-font-size\"><\/p>\n<\/div><\/div>\n\n\n\n<p>El personal de la Secretar\u00eda de la Defensa Nacional (SEDENA), bajo el mando del Coronel Heriberto Ch\u00e1vez Ortega, ha concluido sus trabajos de apoyo en el municipio de Pantepec, en beneficio de las familias afectadas por la tormenta tropical n\u00famero 15 Nadine.<\/p>\n\n\n\n<p>Tras varios d\u00edas de <a><\/a>intensa labor, los hombres y mujeres del ej\u00e9rcito realizaron tareas de rescate, entrega de v\u00edveres y apoyo log\u00edstico en las comunidades m\u00e1s afectadas.<\/p>\n\n\n\n<p>El Presidente Municipal, Lic. Osmar Velasco, expres\u00f3 su profundo agradecimiento al equipo de la SEDENA por su dedicaci\u00f3n y compromiso en este momento de emergencia.<\/p>\n\n\n\n<p>\u201cAgradezco a todo ese ej\u00e9rcito de mujeres y hombres que trabajaron incansablemente para asegurar el bienestar de nuestra gente. Su apoyo ha sido crucial para que Pantepec siga adelante\u201d, declar\u00f3 Velasco.<\/p>\n\n\n\n<p>Asimismo, el Alcalde extendi\u00f3 su gratitud a la Dra. Claudia Sheinbaum, quien tambi\u00e9n brind\u00f3 su respaldo en beneficio de Pantepec. Su intervenci\u00f3n fue clave para movilizar recursos y coordinar acciones que ayudaron a mitigar el impacto de la emergencia.<\/p>\n\n\n\n<p>Las familias Pantepecanas han sido testigos del esfuerzo conjunto entre las autoridades locales, Estatales y Federales, quienes unieron fuerzas para enfrentar los desaf\u00edos derivados de la situaci\u00f3n clim\u00e1tica.<\/p>\n\n\n\n<p>Con la conclusi\u00f3n de las labores por parte de la SEDENA, el municipio comienza a ver avances significativos en su recuperaci\u00f3n, gracias al compromiso de todas las instituciones involucradas.<\/p>\n\n\n\n<p>El apoyo recibido, tanto del ej\u00e9rcito como del Gobierno, ha sido un ejemplo de solidaridad y colaboraci\u00f3n, que permitir\u00e1 a Pantepec continuar su camino hacia la reconstrucci\u00f3n y bienestar de su poblaci\u00f3n.<\/p>\n\n\n\n<p><a href=\"https:\/\/www.facebook.com\/osmarwilian.velascogarcia?__cft__[0]=AZWdjc9tdFByFA-kQTYUHr9EZviwCAqg_5yT5QDpw5faqm_Tsada86Hr8uLYawTXhBeAs5Cpd5_x9pkES__R4rs4c44OYEqA5XiGWXYxDeYtnjyuTClRMTiIV1zxkegwxvV71bQLtt9LJWJZg6sU0WK_WSoXqDxlOFrk34cFCOC9drJiNhOxLda-2vAFiYrxokLuYl3dXiDwR2C8z8WvTu9V&amp;__tn__=-]K-R\" target=\"_blank\" rel=\"noopener\">Osmar Velasco Garcia<\/a><\/p>\n\n\n\n<p><a href=\"https:\/\/www.facebook.com\/carlos.marquez.9081323?__cft__[0]=AZWdjc9tdFByFA-kQTYUHr9EZviwCAqg_5yT5QDpw5faqm_Tsada86Hr8uLYawTXhBeAs5Cpd5_x9pkES__R4rs4c44OYEqA5XiGWXYxDeYtnjyuTClRMTiIV1zxkegwxvV71bQLtt9LJWJZg6sU0WK_WSoXqDxlOFrk34cFCOC9drJiNhOxLda-2vAFiYrxokLuYl3dXiDwR2C8z8WvTu9V&amp;__tn__=-]K-R\" target=\"_blank\" rel=\"noopener\">Carlos Marquez<\/a><\/p>\n","protected":false},"excerpt":{"rendered":"<p>El personal de la Secretar\u00eda de la Defensa Nacional (SEDENA), bajo el mando del Coronel Heriberto Ch\u00e1vez Ortega, ha concluido sus trabajos de apoyo en el municipio de Pantepec, en beneficio de las familias afectadas por la tormenta tropical n\u00famero 15 Nadine. Tras varios d\u00edas de intensa labor, los hombres y mujeres del ej\u00e9rcito realizaron [&hellip;]<\/p>\n","protected":false},"author":1,"featured_media":90841,"comment_status":"closed","ping_status":"closed","sticky":false,"template":"","format":"standard","meta":{"footnotes":""},"categories":[3],"tags":[],"class_list":["post-90838","post","type-post","status-publish","format-standard","has-post-thumbnail","hentry","category-estatal"],"_links":{"self":[{"href":"https:\/\/elobservadorzonanorte.com.mx\/index.php?rest_route=\/wp\/v2\/posts\/90838","targetHints":{"allow":["GET"]}}],"collection":[{"href":"https:\/\/elobservadorzonanorte.com.mx\/index.php?rest_route=\/wp\/v2\/posts"}],"about":[{"href":"https:\/\/elobservadorzonanorte.com.mx\/index.php?rest_route=\/wp\/v2\/types\/post"}],"author":[{"embeddable":true,"href":"https:\/\/elobservadorzonanorte.com.mx\/index.php?rest_route=\/wp\/v2\/users\/1"}],"replies":[{"embeddable":true,"href":"https:\/\/elobservadorzonanorte.com.mx\/index.php?rest_route=%2Fwp%2Fv2%2Fcomments&post=90838"}],"version-history":[{"count":0,"href":"https:\/\/elobservadorzonanorte.com.mx\/index.php?rest_route=\/wp\/v2\/posts\/90838\/revisions"}],"wp:featuredmedia":[{"embeddable":true,"href":"https:\/\/elobservadorzonanorte.com.mx\/index.php?rest_route=\/wp\/v2\/media\/90841"}],"wp:attachment":[{"href":"https:\/\/elobservadorzonanorte.com.mx\/index.php?rest_route=%2Fwp%2Fv2%2Fmedia&parent=90838"}],"wp:term":[{"taxonomy":"category","embeddable":true,"href":"https:\/\/elobservadorzonanorte.com.mx\/index.php?rest_route=%2Fwp%2Fv2%2Fcategories&post=90838"},{"taxonomy":"post_tag","embeddable":true,"href":"https:\/\/elobservadorzonanorte.com.mx\/index.php?rest_route=%2Fwp%2Fv2%2Ftags&post=90838"}],"curies":[{"name":"wp","href":"https:\/\/api.w.org\/{rel}","templated":true}]}}