{"id":90705,"date":"2024-10-24T01:54:17","date_gmt":"2024-10-24T01:54:17","guid":{"rendered":"https:\/\/elobservadorzonanorte.com.mx\/?p=90705"},"modified":"2024-10-24T01:54:18","modified_gmt":"2024-10-24T01:54:18","slug":"el-presidente-de-sunuapa-fredi-ramirez-diaz-participa-en-la-mesa-de-construccion-de-paz-y-seguridad-en-juarez","status":"publish","type":"post","link":"https:\/\/elobservadorzonanorte.com.mx\/?p=90705","title":{"rendered":"El presidente de Sunuapa Fredi Ramirez Diaz participa en la Mesa de Construcci\u00f3n de Paz y Seguridad en Ju\u00e1rez"},"content":{"rendered":"\n<figure class=\"wp-block-image size-full\"><img decoding=\"async\" width=\"593\" height=\"395\" src=\"https:\/\/elobservadorzonanorte.com.mx\/wp-content\/uploads\/2024\/10\/464298200_2830171003818543_7123920332331781693_n.jpg\" alt=\"\" class=\"wp-image-90707\"\/><\/figure>\n\n\n\n<figure class=\"wp-block-image size-full\"><img decoding=\"async\" width=\"600\" height=\"450\" src=\"https:\/\/elobservadorzonanorte.com.mx\/wp-content\/uploads\/2024\/10\/464336979_2830170973818546_7530188295290140559_n.jpg\" alt=\"\" class=\"wp-image-90708\"\/><\/figure>\n\n\n\n<figure class=\"wp-block-image size-full\"><img decoding=\"async\" width=\"600\" height=\"430\" src=\"https:\/\/elobservadorzonanorte.com.mx\/wp-content\/uploads\/2024\/10\/464405459_2830170947151882_8287933056143486397_n.jpg\" alt=\"\" class=\"wp-image-90706\"\/><\/figure>\n\n\n\n<p>Con el objetivo de fortalecer las estrategias conjuntas en materia de seguridad y garantizar la paz en la regi\u00f3n, el presidente municipal de Fredi Ram\u00edrez D\u00edaz particip\u00f3 en la Mesa de Construcci\u00f3n de Paz y Seguridad realizada en el municipio de Ju\u00e1rez. Este encuentro, en el que estuvieron presentes diversas autoridades estatales, federales y municipales, permiti\u00f3 <a><\/a>revisar los avances y ajustar las acciones coordinadas para el bienestar de la ciudadan\u00eda.<\/p>\n\n\n\n<p>Durante su intervenci\u00f3n, el presidente Fredi Ram\u00edrez D\u00edaz subray\u00f3 la relevancia de estos espacios de di\u00e1logo y acci\u00f3n conjunta. \u00abLa seguridad de nuestras comunidades es una responsabilidad compartida, y desde nuestro municipio estamos comprometidos en sumar esfuerzos para mantener la paz. Este tipo de reuniones nos permiten coordinar mejor las estrategias y asegurar que estamos trabajando en beneficio de nuestra gente\u00bb.<\/p>\n\n\n\n<p>En la mesa, se discutieron temas clave como la prevenci\u00f3n del delito, los operativos conjuntos y los patrullajes en \u00e1reas de mayor vulnerabilidad, reforzando la cooperaci\u00f3n entre los tres niveles de gobierno para garantizar la tranquilidad de los habitantes de la regi\u00f3n. Las autoridades reiteraron su compromiso de seguir trabajando en unidad para consolidar un entorno m\u00e1s seguro.<\/p>\n\n\n\n<p><a href=\"https:\/\/www.facebook.com\/hashtag\/sunuapaenprogresoydesarrolloparatodos?__eep__=6&amp;__cft__[0]=AZXkcVYWRuL6PaF3zfNLyO94JgxO6QOnq_zXcrS7DDsjpLtzmRzMQB1sBZ5LNh36HV2ZfXq7c41amCZ7hdPs_l5igx3873f5BoduHCDM6kuT9Dw8rV7HvG5mc9BT9jt-aCKFB44xVLk5ehIFdA11LGEXlwMXe-uZuHm4CIS3Awiev3swBaFJIMPdR409gprlg3mlZa7R2iiRdGBCz9_YcOEZ&amp;__tn__=*NK-R\" target=\"_blank\" rel=\"noopener\">#sunuapaenprogresoydesarrolloparatodos<\/a><\/p>\n\n\n\n<p><a href=\"https:\/\/www.facebook.com\/hashtag\/gobiernomunicipalsunuapa20242027?__eep__=6&amp;__cft__[0]=AZXkcVYWRuL6PaF3zfNLyO94JgxO6QOnq_zXcrS7DDsjpLtzmRzMQB1sBZ5LNh36HV2ZfXq7c41amCZ7hdPs_l5igx3873f5BoduHCDM6kuT9Dw8rV7HvG5mc9BT9jt-aCKFB44xVLk5ehIFdA11LGEXlwMXe-uZuHm4CIS3Awiev3swBaFJIMPdR409gprlg3mlZa7R2iiRdGBCz9_YcOEZ&amp;__tn__=*NK-R\" target=\"_blank\" rel=\"noopener\">#gobiernomunicipalsunuapa20242027<\/a><\/p>\n\n\n\n<p><a href=\"https:\/\/www.facebook.com\/fredi.ramirezdiaz.96?__cft__[0]=AZXkcVYWRuL6PaF3zfNLyO94JgxO6QOnq_zXcrS7DDsjpLtzmRzMQB1sBZ5LNh36HV2ZfXq7c41amCZ7hdPs_l5igx3873f5BoduHCDM6kuT9Dw8rV7HvG5mc9BT9jt-aCKFB44xVLk5ehIFdA11LGEXlwMXe-uZuHm4CIS3Awiev3swBaFJIMPdR409gprlg3mlZa7R2iiRdGBCz9_YcOEZ&amp;__tn__=-]K-R\" target=\"_blank\" rel=\"noopener\">Fredi Ramirez Diaz<\/a><\/p>\n\n\n\n<p><a href=\"https:\/\/www.facebook.com\/lujnano?__cft__[0]=AZXkcVYWRuL6PaF3zfNLyO94JgxO6QOnq_zXcrS7DDsjpLtzmRzMQB1sBZ5LNh36HV2ZfXq7c41amCZ7hdPs_l5igx3873f5BoduHCDM6kuT9Dw8rV7HvG5mc9BT9jt-aCKFB44xVLk5ehIFdA11LGEXlwMXe-uZuHm4CIS3Awiev3swBaFJIMPdR409gprlg3mlZa7R2iiRdGBCz9_YcOEZ&amp;__tn__=-]K-R\" target=\"_blank\" rel=\"noopener\">Roberto Ramirez Lujano<\/a><\/p>\n","protected":false},"excerpt":{"rendered":"<p>Con el objetivo de fortalecer las estrategias conjuntas en materia de seguridad y garantizar la paz en la regi\u00f3n, el presidente municipal de Fredi Ram\u00edrez D\u00edaz particip\u00f3 en la Mesa de Construcci\u00f3n de Paz y Seguridad realizada en el municipio de Ju\u00e1rez. Este encuentro, en el que estuvieron presentes diversas autoridades estatales, federales y municipales, [&hellip;]<\/p>\n","protected":false},"author":1,"featured_media":90706,"comment_status":"closed","ping_status":"closed","sticky":false,"template":"","format":"standard","meta":{"footnotes":""},"categories":[3,4],"tags":[],"class_list":["post-90705","post","type-post","status-publish","format-standard","has-post-thumbnail","hentry","category-estatal","category-regional"],"_links":{"self":[{"href":"https:\/\/elobservadorzonanorte.com.mx\/index.php?rest_route=\/wp\/v2\/posts\/90705","targetHints":{"allow":["GET"]}}],"collection":[{"href":"https:\/\/elobservadorzonanorte.com.mx\/index.php?rest_route=\/wp\/v2\/posts"}],"about":[{"href":"https:\/\/elobservadorzonanorte.com.mx\/index.php?rest_route=\/wp\/v2\/types\/post"}],"author":[{"embeddable":true,"href":"https:\/\/elobservadorzonanorte.com.mx\/index.php?rest_route=\/wp\/v2\/users\/1"}],"replies":[{"embeddable":true,"href":"https:\/\/elobservadorzonanorte.com.mx\/index.php?rest_route=%2Fwp%2Fv2%2Fcomments&post=90705"}],"version-history":[{"count":0,"href":"https:\/\/elobservadorzonanorte.com.mx\/index.php?rest_route=\/wp\/v2\/posts\/90705\/revisions"}],"wp:featuredmedia":[{"embeddable":true,"href":"https:\/\/elobservadorzonanorte.com.mx\/index.php?rest_route=\/wp\/v2\/media\/90706"}],"wp:attachment":[{"href":"https:\/\/elobservadorzonanorte.com.mx\/index.php?rest_route=%2Fwp%2Fv2%2Fmedia&parent=90705"}],"wp:term":[{"taxonomy":"category","embeddable":true,"href":"https:\/\/elobservadorzonanorte.com.mx\/index.php?rest_route=%2Fwp%2Fv2%2Fcategories&post=90705"},{"taxonomy":"post_tag","embeddable":true,"href":"https:\/\/elobservadorzonanorte.com.mx\/index.php?rest_route=%2Fwp%2Fv2%2Ftags&post=90705"}],"curies":[{"name":"wp","href":"https:\/\/api.w.org\/{rel}","templated":true}]}}