{"id":90694,"date":"2024-10-23T03:10:25","date_gmt":"2024-10-23T03:10:25","guid":{"rendered":"https:\/\/elobservadorzonanorte.com.mx\/?p=90694"},"modified":"2024-10-23T03:10:26","modified_gmt":"2024-10-23T03:10:26","slug":"anuncia-angel-torres-pavimentacion-de-calles-en-san-pedro-progresivo","status":"publish","type":"post","link":"https:\/\/elobservadorzonanorte.com.mx\/?p=90694","title":{"rendered":"*Anuncia Angel Torres pavimentaci\u00f3n de calles en San Pedro Progresivo*"},"content":{"rendered":"\n<figure class=\"wp-block-image size-full\"><img decoding=\"async\" width=\"600\" height=\"600\" src=\"https:\/\/elobservadorzonanorte.com.mx\/wp-content\/uploads\/2024\/10\/464377110_2829482490554061_6020158888396860915_n.jpg\" alt=\"\" class=\"wp-image-90697\" srcset=\"https:\/\/elobservadorzonanorte.com.mx\/wp-content\/uploads\/2024\/10\/464377110_2829482490554061_6020158888396860915_n.jpg 600w, https:\/\/elobservadorzonanorte.com.mx\/wp-content\/uploads\/2024\/10\/464377110_2829482490554061_6020158888396860915_n-150x150.jpg 150w\" sizes=\"(max-width: 600px) 100vw, 600px\" \/><\/figure>\n\n\n\n<figure class=\"wp-block-image size-full\"><img decoding=\"async\" width=\"600\" height=\"600\" src=\"https:\/\/elobservadorzonanorte.com.mx\/wp-content\/uploads\/2024\/10\/464197588_2829482363887407_3689589582540672173_n.jpg\" alt=\"\" class=\"wp-image-90696\" srcset=\"https:\/\/elobservadorzonanorte.com.mx\/wp-content\/uploads\/2024\/10\/464197588_2829482363887407_3689589582540672173_n.jpg 600w, https:\/\/elobservadorzonanorte.com.mx\/wp-content\/uploads\/2024\/10\/464197588_2829482363887407_3689589582540672173_n-150x150.jpg 150w\" sizes=\"(max-width: 600px) 100vw, 600px\" \/><\/figure>\n\n\n\n<figure class=\"wp-block-image size-full\"><img decoding=\"async\" width=\"600\" height=\"600\" src=\"https:\/\/elobservadorzonanorte.com.mx\/wp-content\/uploads\/2024\/10\/464222989_2829482247220752_7113015899784833471_n.jpg\" alt=\"\" class=\"wp-image-90695\" srcset=\"https:\/\/elobservadorzonanorte.com.mx\/wp-content\/uploads\/2024\/10\/464222989_2829482247220752_7113015899784833471_n.jpg 600w, https:\/\/elobservadorzonanorte.com.mx\/wp-content\/uploads\/2024\/10\/464222989_2829482247220752_7113015899784833471_n-150x150.jpg 150w\" sizes=\"(max-width: 600px) 100vw, 600px\" \/><\/figure>\n\n\n\n<p>\u2022 El alcalde capitalino recorri\u00f3 la Calle Cerro de Huitepec, misma que pronto ser\u00e1 pavimentada, pues los vecinos, dijeron, ten\u00edan m\u00e1s de 30 a\u00f1os esperando<\/p>\n\n\n\n<p>Al hacer un recorrido en la colonia San Pedro Progresivo, el presidente municipal de Tuxtla Guti\u00e9rrez, Angel Torres, anunci\u00f3 la pavimentaci\u00f3n de la Calle Cerro de Huitepec, misma que las y los habitantes hab\u00edan solicitado desde hace m\u00e1s de 30 a\u00f1os.<\/p>\n\n\n\n<p><a><\/a>Acompa\u00f1ado de vecinas y vecinos, Angel Torres destac\u00f3 que esta vialidad ser\u00e1 intervenida de forma integral, con banquetas y luminarias, pues en ella, a\u00f1adi\u00f3, transitan ni\u00f1as, ni\u00f1os y j\u00f3venes que van a la escuela, as\u00ed como hombres y mujeres que van a sus centros de trabajo.<\/p>\n\n\n\n<p>\u201cDesde el Ayuntamiento estamos trabajando en muchos proyectos, entre los que destacan la construcci\u00f3n de calles, para mejorar la movilidad, conectividad e imagen urbana de San Pedro Progresivo, as\u00ed como de muchas colonias m\u00e1s\u201d, enfatiz\u00f3 el alcalde capitalino.<\/p>\n","protected":false},"excerpt":{"rendered":"<p>\u2022 El alcalde capitalino recorri\u00f3 la Calle Cerro de Huitepec, misma que pronto ser\u00e1 pavimentada, pues los vecinos, dijeron, ten\u00edan m\u00e1s de 30 a\u00f1os esperando Al hacer un recorrido en la colonia San Pedro Progresivo, el presidente municipal de Tuxtla Guti\u00e9rrez, Angel Torres, anunci\u00f3 la pavimentaci\u00f3n de la Calle Cerro de Huitepec, misma que las [&hellip;]<\/p>\n","protected":false},"author":1,"featured_media":90696,"comment_status":"closed","ping_status":"closed","sticky":false,"template":"","format":"standard","meta":{"footnotes":""},"categories":[3],"tags":[],"class_list":["post-90694","post","type-post","status-publish","format-standard","has-post-thumbnail","hentry","category-estatal"],"_links":{"self":[{"href":"https:\/\/elobservadorzonanorte.com.mx\/index.php?rest_route=\/wp\/v2\/posts\/90694","targetHints":{"allow":["GET"]}}],"collection":[{"href":"https:\/\/elobservadorzonanorte.com.mx\/index.php?rest_route=\/wp\/v2\/posts"}],"about":[{"href":"https:\/\/elobservadorzonanorte.com.mx\/index.php?rest_route=\/wp\/v2\/types\/post"}],"author":[{"embeddable":true,"href":"https:\/\/elobservadorzonanorte.com.mx\/index.php?rest_route=\/wp\/v2\/users\/1"}],"replies":[{"embeddable":true,"href":"https:\/\/elobservadorzonanorte.com.mx\/index.php?rest_route=%2Fwp%2Fv2%2Fcomments&post=90694"}],"version-history":[{"count":0,"href":"https:\/\/elobservadorzonanorte.com.mx\/index.php?rest_route=\/wp\/v2\/posts\/90694\/revisions"}],"wp:featuredmedia":[{"embeddable":true,"href":"https:\/\/elobservadorzonanorte.com.mx\/index.php?rest_route=\/wp\/v2\/media\/90696"}],"wp:attachment":[{"href":"https:\/\/elobservadorzonanorte.com.mx\/index.php?rest_route=%2Fwp%2Fv2%2Fmedia&parent=90694"}],"wp:term":[{"taxonomy":"category","embeddable":true,"href":"https:\/\/elobservadorzonanorte.com.mx\/index.php?rest_route=%2Fwp%2Fv2%2Fcategories&post=90694"},{"taxonomy":"post_tag","embeddable":true,"href":"https:\/\/elobservadorzonanorte.com.mx\/index.php?rest_route=%2Fwp%2Fv2%2Ftags&post=90694"}],"curies":[{"name":"wp","href":"https:\/\/api.w.org\/{rel}","templated":true}]}}