{"id":90691,"date":"2024-10-23T03:09:58","date_gmt":"2024-10-23T03:09:58","guid":{"rendered":"https:\/\/elobservadorzonanorte.com.mx\/?p=90691"},"modified":"2024-10-23T03:09:58","modified_gmt":"2024-10-23T03:09:58","slug":"con-el-objetivo-de-fortalecer-de-manera-coordinada-la-cultura-de-la-proteccioncivil-y-hacer-sinergia-en-benefico-de-la-poblacion-el-secretario-de-proteccion-civil-luis-manuel-garcia-moreno-sostuvo","status":"publish","type":"post","link":"https:\/\/elobservadorzonanorte.com.mx\/?p=90691","title":{"rendered":"Con el objetivo de fortalecer de manera coordinada la cultura de la #Protecci\u00f3nCivil y hacer sinergia en ben\u00e9fico de la poblaci\u00f3n, el secretario de Protecci\u00f3n Civil, Luis Manuel Garc\u00eda Moreno sostuvo una reuni\u00f3n de trabajo con el presidente del municipio de Amat\u00e1n, Majin Aguilar Utrilla"},"content":{"rendered":"\n<figure class=\"wp-block-image size-full\"><img decoding=\"async\" width=\"720\" height=\"540\" src=\"https:\/\/elobservadorzonanorte.com.mx\/wp-content\/uploads\/2024\/10\/464185982_2829446573890986_3869859138051010312_n.jpg\" alt=\"\" class=\"wp-image-90692\"\/><\/figure>\n\n\n\n<p><a href=\"https:\/\/www.facebook.com\/hashtag\/laprotecci%C3%B3ncivillahacemostodos?__eep__=6&amp;__cft__[0]=AZU2qOaJ7GW_ymejRzuCJu7-F4mMq7LlTaL-xblkQ7npIkD1kcJtwg0YOVVQRQqOAwVI40bNvBZwX6XI7ntoSOjgwrKxbA-cRezVo2VyvOztVwQ1NRb2pMz_qDIDWrbTCedyGSqbvZA6uUhrBBfywLu6Pv2fa0fIRaTLlslfSB_EIt5KtvNfa8XdRm9ECBsWFk9MC9mi53nYld2vTuf7Fbut&amp;__tn__=*NK-R\" target=\"_blank\" rel=\"noopener\">#LaProtecci\u00f3nCivilLaHacemosTodos<\/a><\/p>\n\n\n\n<p><a href=\"https:\/\/www.facebook.com\/profile.php?id=100095060432849&amp;__cft__[0]=AZU2qOaJ7GW_ymejRzuCJu7-F4mMq7LlTaL-xblkQ7npIkD1kcJtwg0YOVVQRQqOAwVI40bNvBZwX6XI7ntoSOjgwrKxbA-cRezVo2VyvOztVwQ1NRb2pMz_qDIDWrbTCedyGSqbvZA6uUhrBBfywLu6Pv2fa0fIRaTLlslfSB_EIt5KtvNfa8XdRm9ECBsWFk9MC9mi53nYld2vTuf7Fbut&amp;__tn__=-]K-R\" target=\"_blank\" rel=\"noopener\">Majin Aguilar Utrilla<\/a><\/p>\n","protected":false},"excerpt":{"rendered":"<p>#LaProtecci\u00f3nCivilLaHacemosTodos Majin Aguilar Utrilla<\/p>\n","protected":false},"author":1,"featured_media":90692,"comment_status":"closed","ping_status":"closed","sticky":false,"template":"","format":"standard","meta":{"footnotes":""},"categories":[4],"tags":[],"class_list":["post-90691","post","type-post","status-publish","format-standard","has-post-thumbnail","hentry","category-regional"],"_links":{"self":[{"href":"https:\/\/elobservadorzonanorte.com.mx\/index.php?rest_route=\/wp\/v2\/posts\/90691","targetHints":{"allow":["GET"]}}],"collection":[{"href":"https:\/\/elobservadorzonanorte.com.mx\/index.php?rest_route=\/wp\/v2\/posts"}],"about":[{"href":"https:\/\/elobservadorzonanorte.com.mx\/index.php?rest_route=\/wp\/v2\/types\/post"}],"author":[{"embeddable":true,"href":"https:\/\/elobservadorzonanorte.com.mx\/index.php?rest_route=\/wp\/v2\/users\/1"}],"replies":[{"embeddable":true,"href":"https:\/\/elobservadorzonanorte.com.mx\/index.php?rest_route=%2Fwp%2Fv2%2Fcomments&post=90691"}],"version-history":[{"count":0,"href":"https:\/\/elobservadorzonanorte.com.mx\/index.php?rest_route=\/wp\/v2\/posts\/90691\/revisions"}],"wp:featuredmedia":[{"embeddable":true,"href":"https:\/\/elobservadorzonanorte.com.mx\/index.php?rest_route=\/wp\/v2\/media\/90692"}],"wp:attachment":[{"href":"https:\/\/elobservadorzonanorte.com.mx\/index.php?rest_route=%2Fwp%2Fv2%2Fmedia&parent=90691"}],"wp:term":[{"taxonomy":"category","embeddable":true,"href":"https:\/\/elobservadorzonanorte.com.mx\/index.php?rest_route=%2Fwp%2Fv2%2Fcategories&post=90691"},{"taxonomy":"post_tag","embeddable":true,"href":"https:\/\/elobservadorzonanorte.com.mx\/index.php?rest_route=%2Fwp%2Fv2%2Ftags&post=90691"}],"curies":[{"name":"wp","href":"https:\/\/api.w.org\/{rel}","templated":true}]}}