{"id":90683,"date":"2024-10-23T03:09:14","date_gmt":"2024-10-23T03:09:14","guid":{"rendered":"https:\/\/elobservadorzonanorte.com.mx\/?p=90683"},"modified":"2024-10-23T03:09:15","modified_gmt":"2024-10-23T03:09:15","slug":"reconoce-llaven-abarca-impulso-a-la-ganaderia-y-al-campo-con-plan-nacional-de-reactivacion","status":"publish","type":"post","link":"https:\/\/elobservadorzonanorte.com.mx\/?p=90683","title":{"rendered":"Reconoce Llaven Abarca impulso a la ganader\u00eda y al campo con Plan Nacional de Reactivaci\u00f3n"},"content":{"rendered":"\n<figure class=\"wp-block-image size-full\"><img decoding=\"async\" width=\"593\" height=\"395\" src=\"https:\/\/elobservadorzonanorte.com.mx\/wp-content\/uploads\/2024\/10\/464228140_2829441193891524_7640691053291351113_n.jpg\" alt=\"\" class=\"wp-image-90686\"\/><\/figure>\n\n\n\n<figure class=\"wp-block-image size-full\"><img decoding=\"async\" width=\"590\" height=\"395\" src=\"https:\/\/elobservadorzonanorte.com.mx\/wp-content\/uploads\/2024\/10\/464319896_2829441167224860_87819790638476505_n.jpg\" alt=\"\" class=\"wp-image-90685\"\/><\/figure>\n\n\n\n<figure class=\"wp-block-image size-full\"><img decoding=\"async\" width=\"591\" height=\"395\" src=\"https:\/\/elobservadorzonanorte.com.mx\/wp-content\/uploads\/2024\/10\/464151684_2829441150558195_6345773283143394727_n.jpg\" alt=\"\" class=\"wp-image-90684\"\/><\/figure>\n\n\n\n<p>Tuxtla Guti\u00e9rrez, Chiapas.- El diputado Jorge Luis Llaven Abarca reconoci\u00f3 la visi\u00f3n de la presidenta Claudia Sheinbaum Pardo de impulsar la ganader\u00eda y el campo a trav\u00e9s de un plan nacional que garantizar\u00e1 el bienestar y el desarrollo del pueblo de Chiapas y M\u00e9xico.<\/p>\n\n\n\n<p>En este marco, el pol\u00edtico suchiapaneco expres\u00f3 que este proyecto que beneficiar\u00e1 al sureste tiene como objetivo en materia <a><\/a>de ganader\u00eda la mejora en calidad gen\u00e9tica y producci\u00f3n de leche, as\u00ed como el impulso de la producci\u00f3n de caf\u00e9 y cacao.<\/p>\n\n\n\n<p>\u201cReconozco la visi\u00f3n del Gobierno Federal que encabeza nuestra presidenta Claudia Sheinbaum Pardo de impulsar la ganader\u00eda y el campo a trav\u00e9s del plan nacional de reactivaci\u00f3n econ\u00f3mica en el que Chiapas ser\u00e1 uno de los estados m\u00e1s beneficiados\u201d, declar\u00f3.<\/p>\n\n\n\n<p>Finalmente, Llaven Abarca afirm\u00f3 que en la nueva ERA estos dos importantes sectores ser\u00e1n prioridad y desde el Congreso Local legislar\u00e1 para su fortalecimiento y desarrollo de estas importantes actividades econ\u00f3micas.<\/p>\n","protected":false},"excerpt":{"rendered":"<p>Tuxtla Guti\u00e9rrez, Chiapas.- El diputado Jorge Luis Llaven Abarca reconoci\u00f3 la visi\u00f3n de la presidenta Claudia Sheinbaum Pardo de impulsar la ganader\u00eda y el campo a trav\u00e9s de un plan nacional que garantizar\u00e1 el bienestar y el desarrollo del pueblo de Chiapas y M\u00e9xico. En este marco, el pol\u00edtico suchiapaneco expres\u00f3 que este proyecto que [&hellip;]<\/p>\n","protected":false},"author":1,"featured_media":90684,"comment_status":"closed","ping_status":"closed","sticky":false,"template":"","format":"standard","meta":{"footnotes":""},"categories":[3],"tags":[],"class_list":["post-90683","post","type-post","status-publish","format-standard","has-post-thumbnail","hentry","category-estatal"],"_links":{"self":[{"href":"https:\/\/elobservadorzonanorte.com.mx\/index.php?rest_route=\/wp\/v2\/posts\/90683","targetHints":{"allow":["GET"]}}],"collection":[{"href":"https:\/\/elobservadorzonanorte.com.mx\/index.php?rest_route=\/wp\/v2\/posts"}],"about":[{"href":"https:\/\/elobservadorzonanorte.com.mx\/index.php?rest_route=\/wp\/v2\/types\/post"}],"author":[{"embeddable":true,"href":"https:\/\/elobservadorzonanorte.com.mx\/index.php?rest_route=\/wp\/v2\/users\/1"}],"replies":[{"embeddable":true,"href":"https:\/\/elobservadorzonanorte.com.mx\/index.php?rest_route=%2Fwp%2Fv2%2Fcomments&post=90683"}],"version-history":[{"count":0,"href":"https:\/\/elobservadorzonanorte.com.mx\/index.php?rest_route=\/wp\/v2\/posts\/90683\/revisions"}],"wp:featuredmedia":[{"embeddable":true,"href":"https:\/\/elobservadorzonanorte.com.mx\/index.php?rest_route=\/wp\/v2\/media\/90684"}],"wp:attachment":[{"href":"https:\/\/elobservadorzonanorte.com.mx\/index.php?rest_route=%2Fwp%2Fv2%2Fmedia&parent=90683"}],"wp:term":[{"taxonomy":"category","embeddable":true,"href":"https:\/\/elobservadorzonanorte.com.mx\/index.php?rest_route=%2Fwp%2Fv2%2Fcategories&post=90683"},{"taxonomy":"post_tag","embeddable":true,"href":"https:\/\/elobservadorzonanorte.com.mx\/index.php?rest_route=%2Fwp%2Fv2%2Ftags&post=90683"}],"curies":[{"name":"wp","href":"https:\/\/api.w.org\/{rel}","templated":true}]}}