{"id":90615,"date":"2024-10-23T02:59:38","date_gmt":"2024-10-23T02:59:38","guid":{"rendered":"https:\/\/elobservadorzonanorte.com.mx\/?p=90615"},"modified":"2024-10-23T02:59:38","modified_gmt":"2024-10-23T02:59:38","slug":"eduardo-ramirez-impulsara-el-programa-mas-ambicioso-de-alfabetizacion-en-chiapas","status":"publish","type":"post","link":"https:\/\/elobservadorzonanorte.com.mx\/?p=90615","title":{"rendered":"*Eduardo Ram\u00edrez impulsar\u00e1 el programa m\u00e1s ambicioso de alfabetizaci\u00f3n en Chiapas*"},"content":{"rendered":"\n<figure class=\"wp-block-image size-full\"><img decoding=\"async\" width=\"591\" height=\"395\" src=\"https:\/\/elobservadorzonanorte.com.mx\/wp-content\/uploads\/2024\/10\/464284734_2829181273917516_346119132224938557_n.jpg\" alt=\"\" class=\"wp-image-90619\"\/><\/figure>\n\n\n\n<figure class=\"wp-block-image size-full\"><img decoding=\"async\" width=\"591\" height=\"395\" src=\"https:\/\/elobservadorzonanorte.com.mx\/wp-content\/uploads\/2024\/10\/464307734_2829180990584211_6798422170255654053_n.jpg\" alt=\"\" class=\"wp-image-90618\"\/><\/figure>\n\n\n\n<figure class=\"wp-block-image size-full\"><img decoding=\"async\" width=\"600\" height=\"334\" src=\"https:\/\/elobservadorzonanorte.com.mx\/wp-content\/uploads\/2024\/10\/464246641_2829180760584234_6950597371384217955_n.jpg\" alt=\"\" class=\"wp-image-90617\"\/><\/figure>\n\n\n\n<figure class=\"wp-block-image size-full\"><img decoding=\"async\" width=\"591\" height=\"395\" src=\"https:\/\/elobservadorzonanorte.com.mx\/wp-content\/uploads\/2024\/10\/464444609_2829180167250960_5120370289137030015_n.jpg\" alt=\"\" class=\"wp-image-90616\"\/><\/figure>\n\n\n\n<p>*J\u00f3venes egresados de bachillerato y educaci\u00f3n superior apoyar\u00e1n este programa.<\/p>\n\n\n\n<p>El gobernador electo de Chiapas, Eduardo Ram\u00edrez Aguilar, sostuvo un encuentro con el director del Instituto Nacional para la Educaci\u00f3n de los Adultos (INEA), Armando Contreras Castillo, y el embajador de Cuba en M\u00e9xico, Marcos Rodr\u00edguez Costa.<\/p>\n\n\n\n<p>En <a><\/a>esta reuni\u00f3n, Eduardo Ram\u00edrez afirm\u00f3: \u201cImpulsar\u00e9 el programa m\u00e1s ambicioso de alfabetizaci\u00f3n en Chiapas, contando con el apoyo de j\u00f3venes egresados del bachillerato y estudiantes de educaci\u00f3n superior, quienes colaborar\u00e1n en la lucha contra el rezago educativo.\u201d Para ello, coment\u00f3 que su objetivo es que las y los estudiantes chiapanecos interesados en participar en este programa reciban un est\u00edmulo econ\u00f3mico.<\/p>\n\n\n\n<p>Asimismo, anunci\u00f3 que en los pr\u00f3ximos d\u00edas informar\u00e1 sobre las acciones que implementar\u00e1 para sacar a Chiapas de los primeros lugares en los \u00edndices de analfabetismo a nivel nacional y posicionarnos como un estado que supera los rezagos en materia educativa.<\/p>\n\n\n\n<p>Ram\u00edrez Aguilar enfatiz\u00f3 que el gobierno de la Nueva ERA ser\u00e1 un gobierno con visi\u00f3n humanista, enfocado en atender las necesidades de los m\u00e1s vulnerables y, sobre todo, contar\u00e1 con la participaci\u00f3n de todos los sectores de la sociedad para unir esfuerzos y avanzar en el desarrollo de Chiapas.<\/p>\n\n\n\n<p>\u201cPara aquellas y aquellos que no saben leer ni escribir, la alfabetizaci\u00f3n no les garantizar\u00e1 mayores ingresos, pero s\u00ed les ofrecer\u00e1 mejores oportunidades de decisi\u00f3n en sus vidas\u201d, concluy\u00f3.<\/p>\n","protected":false},"excerpt":{"rendered":"<p>*J\u00f3venes egresados de bachillerato y educaci\u00f3n superior apoyar\u00e1n este programa. El gobernador electo de Chiapas, Eduardo Ram\u00edrez Aguilar, sostuvo un encuentro con el director del Instituto Nacional para la Educaci\u00f3n de los Adultos (INEA), Armando Contreras Castillo, y el embajador de Cuba en M\u00e9xico, Marcos Rodr\u00edguez Costa. En esta reuni\u00f3n, Eduardo Ram\u00edrez afirm\u00f3: \u201cImpulsar\u00e9 el [&hellip;]<\/p>\n","protected":false},"author":1,"featured_media":90616,"comment_status":"closed","ping_status":"closed","sticky":false,"template":"","format":"standard","meta":{"footnotes":""},"categories":[3],"tags":[],"class_list":["post-90615","post","type-post","status-publish","format-standard","has-post-thumbnail","hentry","category-estatal"],"_links":{"self":[{"href":"https:\/\/elobservadorzonanorte.com.mx\/index.php?rest_route=\/wp\/v2\/posts\/90615","targetHints":{"allow":["GET"]}}],"collection":[{"href":"https:\/\/elobservadorzonanorte.com.mx\/index.php?rest_route=\/wp\/v2\/posts"}],"about":[{"href":"https:\/\/elobservadorzonanorte.com.mx\/index.php?rest_route=\/wp\/v2\/types\/post"}],"author":[{"embeddable":true,"href":"https:\/\/elobservadorzonanorte.com.mx\/index.php?rest_route=\/wp\/v2\/users\/1"}],"replies":[{"embeddable":true,"href":"https:\/\/elobservadorzonanorte.com.mx\/index.php?rest_route=%2Fwp%2Fv2%2Fcomments&post=90615"}],"version-history":[{"count":0,"href":"https:\/\/elobservadorzonanorte.com.mx\/index.php?rest_route=\/wp\/v2\/posts\/90615\/revisions"}],"wp:featuredmedia":[{"embeddable":true,"href":"https:\/\/elobservadorzonanorte.com.mx\/index.php?rest_route=\/wp\/v2\/media\/90616"}],"wp:attachment":[{"href":"https:\/\/elobservadorzonanorte.com.mx\/index.php?rest_route=%2Fwp%2Fv2%2Fmedia&parent=90615"}],"wp:term":[{"taxonomy":"category","embeddable":true,"href":"https:\/\/elobservadorzonanorte.com.mx\/index.php?rest_route=%2Fwp%2Fv2%2Fcategories&post=90615"},{"taxonomy":"post_tag","embeddable":true,"href":"https:\/\/elobservadorzonanorte.com.mx\/index.php?rest_route=%2Fwp%2Fv2%2Ftags&post=90615"}],"curies":[{"name":"wp","href":"https:\/\/api.w.org\/{rel}","templated":true}]}}