{"id":90603,"date":"2024-10-23T02:57:33","date_gmt":"2024-10-23T02:57:33","guid":{"rendered":"https:\/\/elobservadorzonanorte.com.mx\/?p=90603"},"modified":"2024-10-23T02:57:34","modified_gmt":"2024-10-23T02:57:34","slug":"autoridades-realizan-instalacion-de-comite-de-proteccion-civil-en-reforma","status":"publish","type":"post","link":"https:\/\/elobservadorzonanorte.com.mx\/?p=90603","title":{"rendered":"Autoridades realizan instalaci\u00f3n de comit\u00e9 de protecci\u00f3n civil en Reforma"},"content":{"rendered":"\n<figure class=\"wp-block-image size-full\"><img decoding=\"async\" width=\"600\" height=\"430\" src=\"https:\/\/elobservadorzonanorte.com.mx\/wp-content\/uploads\/2024\/10\/464377648_2828980767270900_7356828436378046017_n.jpg\" alt=\"\" class=\"wp-image-90607\"\/><\/figure>\n\n\n\n<figure class=\"wp-block-image size-full\"><img decoding=\"async\" width=\"600\" height=\"383\" src=\"https:\/\/elobservadorzonanorte.com.mx\/wp-content\/uploads\/2024\/10\/464362859_2828980743937569_4630716097198314234_n.jpg\" alt=\"\" class=\"wp-image-90606\"\/><\/figure>\n\n\n\n<figure class=\"wp-block-image size-full\"><img decoding=\"async\" width=\"593\" height=\"395\" src=\"https:\/\/elobservadorzonanorte.com.mx\/wp-content\/uploads\/2024\/10\/464364547_2828980710604239_3038927379190213237_n.jpg\" alt=\"\" class=\"wp-image-90605\"\/><\/figure>\n\n\n\n<figure class=\"wp-block-image size-full\"><img decoding=\"async\" width=\"593\" height=\"395\" src=\"https:\/\/elobservadorzonanorte.com.mx\/wp-content\/uploads\/2024\/10\/464217646_2828980693937574_25035728336214145_n.jpg\" alt=\"\" class=\"wp-image-90604\"\/><\/figure>\n\n\n\n<p><\/p>\n\n\n\n<p>El presidente municipal <a href=\"https:\/\/www.facebook.com\/perico.ramirez.7?__cft__[0]=AZVWpakdF7VgbSCs1KZYUGX4bKNkN6uy3CD973Vepgl6Z_Vj28UeEIEvLfUtkJKusag_3vzwI2rwheQ44raRhpWw5AD4al51cl7Rji7MweXp0JmvJ9DoySS4TPIIaMtYAI8_aJj0NgVouz-7Fw3xO4HFQfBsdcHkdQwcHWLuWBs-gAj2fUuwxGJgGSWlF9MM5w_xDQ2AI7T0BOW1AGz9VavZ&amp;__tn__=-]K-R\" target=\"_blank\" rel=\"noopener\">Pedro Ramirez<\/a> encabez\u00f3 la instalaci\u00f3n del Comit\u00e9 municipal de protecci\u00f3n civil, acompa\u00f1ado de su Cabildo y funcionarios de la presente administraci\u00f3n.<\/p>\n\n\n\n<p>Preocupado y ocupado por las lluvias que se han dejado sentir en las \u00faltimas horas, y en las que se se han presentado afectaciones en cultivos y algunas viviendas de las zonas bajas del municipio, esta ma\u00f1ana se llev\u00f3 acabo la <a><\/a>instalaci\u00f3n del Consejo Municipal de Protecci\u00f3n Civil para la Gesti\u00f3n Integral de Riesgos de Desastres en Reforma.<\/p>\n\n\n\n<p>Ah\u00ed, el presidente municipal, Pedro Ramirez, design\u00f3 a los funcionarios que formar\u00e1n parte de las comisiones encargadas de la operatividad y funcionamiento del consejo.<\/p>\n","protected":false},"excerpt":{"rendered":"<p>El presidente municipal Pedro Ramirez encabez\u00f3 la instalaci\u00f3n del Comit\u00e9 municipal de protecci\u00f3n civil, acompa\u00f1ado de su Cabildo y funcionarios de la presente administraci\u00f3n. Preocupado y ocupado por las lluvias que se han dejado sentir en las \u00faltimas horas, y en las que se se han presentado afectaciones en cultivos y algunas viviendas de las [&hellip;]<\/p>\n","protected":false},"author":1,"featured_media":90604,"comment_status":"closed","ping_status":"closed","sticky":false,"template":"","format":"standard","meta":{"footnotes":""},"categories":[4],"tags":[],"class_list":["post-90603","post","type-post","status-publish","format-standard","has-post-thumbnail","hentry","category-regional"],"_links":{"self":[{"href":"https:\/\/elobservadorzonanorte.com.mx\/index.php?rest_route=\/wp\/v2\/posts\/90603","targetHints":{"allow":["GET"]}}],"collection":[{"href":"https:\/\/elobservadorzonanorte.com.mx\/index.php?rest_route=\/wp\/v2\/posts"}],"about":[{"href":"https:\/\/elobservadorzonanorte.com.mx\/index.php?rest_route=\/wp\/v2\/types\/post"}],"author":[{"embeddable":true,"href":"https:\/\/elobservadorzonanorte.com.mx\/index.php?rest_route=\/wp\/v2\/users\/1"}],"replies":[{"embeddable":true,"href":"https:\/\/elobservadorzonanorte.com.mx\/index.php?rest_route=%2Fwp%2Fv2%2Fcomments&post=90603"}],"version-history":[{"count":0,"href":"https:\/\/elobservadorzonanorte.com.mx\/index.php?rest_route=\/wp\/v2\/posts\/90603\/revisions"}],"wp:featuredmedia":[{"embeddable":true,"href":"https:\/\/elobservadorzonanorte.com.mx\/index.php?rest_route=\/wp\/v2\/media\/90604"}],"wp:attachment":[{"href":"https:\/\/elobservadorzonanorte.com.mx\/index.php?rest_route=%2Fwp%2Fv2%2Fmedia&parent=90603"}],"wp:term":[{"taxonomy":"category","embeddable":true,"href":"https:\/\/elobservadorzonanorte.com.mx\/index.php?rest_route=%2Fwp%2Fv2%2Fcategories&post=90603"},{"taxonomy":"post_tag","embeddable":true,"href":"https:\/\/elobservadorzonanorte.com.mx\/index.php?rest_route=%2Fwp%2Fv2%2Ftags&post=90603"}],"curies":[{"name":"wp","href":"https:\/\/api.w.org\/{rel}","templated":true}]}}