{"id":90597,"date":"2024-10-23T02:56:40","date_gmt":"2024-10-23T02:56:40","guid":{"rendered":"https:\/\/elobservadorzonanorte.com.mx\/?p=90597"},"modified":"2024-10-23T02:56:41","modified_gmt":"2024-10-23T02:56:41","slug":"el-gobierno-municipal-que-preside-el-lic-andres-carballo-cordova-a-traves-de-la-direccion-del-instituto-de-la-juventud-recreacion-y-deporte-y-enlace-educativo-impartieron-platicas-de-concientiza","status":"publish","type":"post","link":"https:\/\/elobservadorzonanorte.com.mx\/?p=90597","title":{"rendered":"El Gobierno Municipal, que preside el Lic. Andr\u00e9s Carballo C\u00f3rdova, a trav\u00e9s de la Direcci\u00f3n del Instituto de la Juventud Recreaci\u00f3n y Deporte y Enlace Educativo, impartieron pl\u00e1ticas de \u00abConcientizaci\u00f3n de la Salud Mental\u201d, a alumnos de la Escuela Preparatoria 14 de Septiembre, a trav\u00e9s del Psic\u00f3logo Pablo Eduardo Flores Martinez."},"content":{"rendered":"\n<figure class=\"wp-block-image size-full\"><img decoding=\"async\" width=\"593\" height=\"395\" src=\"https:\/\/elobservadorzonanorte.com.mx\/wp-content\/uploads\/2024\/10\/464307224_2828975450604765_301229243883170077_n.jpg\" alt=\"\" class=\"wp-image-90600\"\/><\/figure>\n\n\n\n<figure class=\"wp-block-image size-full\"><img decoding=\"async\" width=\"593\" height=\"395\" src=\"https:\/\/elobservadorzonanorte.com.mx\/wp-content\/uploads\/2024\/10\/464386039_2828975433938100_9048870387831301724_n.jpg\" alt=\"\" class=\"wp-image-90599\"\/><\/figure>\n\n\n\n<figure class=\"wp-block-image size-full\"><img decoding=\"async\" width=\"593\" height=\"395\" src=\"https:\/\/elobservadorzonanorte.com.mx\/wp-content\/uploads\/2024\/10\/464084678_2828975383938105_7850061024979380019_n.jpg\" alt=\"\" class=\"wp-image-90598\"\/><\/figure>\n\n\n\n<p>Lo anterior, con el objetivo de orientar a los j\u00f3venes de este municipio de como proyectarse mentalmente en su forma de vivir ante la sociedad, la <a><\/a>familia y profesionalmente, como hacer frente a los momentos de estr\u00e9s en su vida. As\u00ed tambi\u00e9n, mejorar en el desarrollo de habilidades y aprendizaje, a fin de contribuir en la sociedad.<\/p>\n\n\n\n<p>El Gobierno Municipal de Pichucalco, agradece a los directivos y docentes, el inter\u00e9s mostrado ante estas acciones, as\u00ed como a los alumnos asistentes,<\/p>\n\n\n\n<p>seguiremos avanzando por el bienestar de las y los j\u00f3venes Pichucalque\u00f1os.<\/p>\n\n\n\n<p>En representaci\u00f3n del presidente municipal, Lic. Andr\u00e9s Carballo C\u00f3rdova, estuvo la regidora, Lic. Leyla Julissa Narez Aguilar, as\u00ed tambi\u00e9n, las directoras, Lic. Faridi Cruz Santeliz, Lic. Mar\u00eda Guadalupe Montoya S\u00e1nchez, y el coordinador de deporte, Lic. \u00c9dgar Gerardo M\u00e9ndez Reyes.<\/p>\n\n\n\n<p>\u00a1Acciones que Contribuyen al Cambio!<\/p>\n","protected":false},"excerpt":{"rendered":"<p>Lo anterior, con el objetivo de orientar a los j\u00f3venes de este municipio de como proyectarse mentalmente en su forma de vivir ante la sociedad, la familia y profesionalmente, como hacer frente a los momentos de estr\u00e9s en su vida. As\u00ed tambi\u00e9n, mejorar en el desarrollo de habilidades y aprendizaje, a fin de contribuir en [&hellip;]<\/p>\n","protected":false},"author":1,"featured_media":90599,"comment_status":"closed","ping_status":"closed","sticky":false,"template":"","format":"standard","meta":{"footnotes":""},"categories":[4],"tags":[],"class_list":["post-90597","post","type-post","status-publish","format-standard","has-post-thumbnail","hentry","category-regional"],"_links":{"self":[{"href":"https:\/\/elobservadorzonanorte.com.mx\/index.php?rest_route=\/wp\/v2\/posts\/90597","targetHints":{"allow":["GET"]}}],"collection":[{"href":"https:\/\/elobservadorzonanorte.com.mx\/index.php?rest_route=\/wp\/v2\/posts"}],"about":[{"href":"https:\/\/elobservadorzonanorte.com.mx\/index.php?rest_route=\/wp\/v2\/types\/post"}],"author":[{"embeddable":true,"href":"https:\/\/elobservadorzonanorte.com.mx\/index.php?rest_route=\/wp\/v2\/users\/1"}],"replies":[{"embeddable":true,"href":"https:\/\/elobservadorzonanorte.com.mx\/index.php?rest_route=%2Fwp%2Fv2%2Fcomments&post=90597"}],"version-history":[{"count":0,"href":"https:\/\/elobservadorzonanorte.com.mx\/index.php?rest_route=\/wp\/v2\/posts\/90597\/revisions"}],"wp:featuredmedia":[{"embeddable":true,"href":"https:\/\/elobservadorzonanorte.com.mx\/index.php?rest_route=\/wp\/v2\/media\/90599"}],"wp:attachment":[{"href":"https:\/\/elobservadorzonanorte.com.mx\/index.php?rest_route=%2Fwp%2Fv2%2Fmedia&parent=90597"}],"wp:term":[{"taxonomy":"category","embeddable":true,"href":"https:\/\/elobservadorzonanorte.com.mx\/index.php?rest_route=%2Fwp%2Fv2%2Fcategories&post=90597"},{"taxonomy":"post_tag","embeddable":true,"href":"https:\/\/elobservadorzonanorte.com.mx\/index.php?rest_route=%2Fwp%2Fv2%2Ftags&post=90597"}],"curies":[{"name":"wp","href":"https:\/\/api.w.org\/{rel}","templated":true}]}}