{"id":90587,"date":"2024-10-23T02:55:48","date_gmt":"2024-10-23T02:55:48","guid":{"rendered":"https:\/\/elobservadorzonanorte.com.mx\/?p=90587"},"modified":"2024-10-23T02:55:49","modified_gmt":"2024-10-23T02:55:49","slug":"juarez-sede-de-la-mesa-interinstitucional-de-seguridad-publica","status":"publish","type":"post","link":"https:\/\/elobservadorzonanorte.com.mx\/?p=90587","title":{"rendered":"Ju\u00e1rez sede de la mesa interinstitucional de seguridad p\u00fablica"},"content":{"rendered":"\n<figure class=\"wp-block-image size-full\"><img decoding=\"async\" width=\"600\" height=\"450\" src=\"https:\/\/elobservadorzonanorte.com.mx\/wp-content\/uploads\/2024\/10\/464307595_2828829723952671_1325882153819667235_n.jpg\" alt=\"\" class=\"wp-image-90591\"\/><\/figure>\n\n\n\n<figure class=\"wp-block-image size-full\"><img decoding=\"async\" width=\"600\" height=\"450\" src=\"https:\/\/elobservadorzonanorte.com.mx\/wp-content\/uploads\/2024\/10\/464327306_2828829637286013_5947468487033944093_n.jpg\" alt=\"\" class=\"wp-image-90590\"\/><\/figure>\n\n\n\n<figure class=\"wp-block-image size-full\"><img decoding=\"async\" width=\"600\" height=\"450\" src=\"https:\/\/elobservadorzonanorte.com.mx\/wp-content\/uploads\/2024\/10\/464336098_2828829517286025_77174190674489143_n.jpg\" alt=\"\" class=\"wp-image-90589\"\/><\/figure>\n\n\n\n<figure class=\"wp-block-image size-full\"><img decoding=\"async\" width=\"600\" height=\"450\" src=\"https:\/\/elobservadorzonanorte.com.mx\/wp-content\/uploads\/2024\/10\/464079989_2828829260619384_6223280212537963924_n.jpg\" alt=\"\" class=\"wp-image-90588\"\/><\/figure>\n\n\n\n<p>Con la finalidad de llevar a cabo un trabajo coordinado, sociedad y gobierno, donde se privilegie la participaci\u00f3n ciudadana, se llev\u00f3 a cabo la reuni\u00f3n regional de seguridad p\u00fablica, con la presencia de <a href=\"https:\/\/www.facebook.com\/fredi.ramirezdiaz.96?__cft__[0]=AZUi4k19XHZsCHWp86ocZ3XD5Ocn4JeaFsy_5oZ6Y1nsjW7_sMhnu0CQITzPVYxYumXwejrzAD4LKKqS5ooLC21HDDkTkunjMK1agQwpkuuZxKCqgyNsEN0behZo0k99s-0A6VWAysL7RlSzGkoQAUg6Z2X1IGTIeOsN08qau7ijPFlsC8H6ipfS_Mx01tY0jlklK_B-wMVMIkJ30QDb2cSP&amp;__tn__=-]K-R\" target=\"_blank\" rel=\"noopener\">Fredi Ramirez Diaz<\/a> presidente de Sunuapa y de <a href=\"https:\/\/www.facebook.com\/profile.php?id=61554302311187&amp;__cft__[0]=AZUi4k19XHZsCHWp86ocZ3XD5Ocn4JeaFsy_5oZ6Y1nsjW7_sMhnu0CQITzPVYxYumXwejrzAD4LKKqS5ooLC21HDDkTkunjMK1agQwpkuuZxKCqgyNsEN0behZo0k99s-0A6VWAysL7RlSzGkoQAUg6Z2X1IGTIeOsN08qau7ijPFlsC8H6ipfS_Mx01tY0jlklK_B-wMVMIkJ30QDb2cSP&amp;__tn__=-]K-R\" target=\"_blank\" rel=\"noopener\">Amancio Federico<\/a> de Chapultenango, as\u00ed como de representantes de los municipios vecinos.<\/p>\n\n\n\n<p>Al dar la bienvenida el alcalde <a href=\"https:\/\/www.facebook.com\/OscarSerra5055233?__cft__[0]=AZUi4k19XHZsCHWp86ocZ3XD5Ocn4JeaFsy_5oZ6Y1nsjW7_sMhnu0CQITzPVYxYumXwejrzAD4LKKqS5ooLC21HDDkTkunjMK1agQwpkuuZxKCqgyNsEN0behZo0k99s-0A6VWAysL7RlSzGkoQAUg6Z2X1IGTIeOsN08qau7ijPFlsC8H6ipfS_Mx01tY0jlklK_B-wMVMIkJ30QDb2cSP&amp;__tn__=-]K-R\" target=\"_blank\" rel=\"noopener\">Oscar Serra Cantoral<\/a> y acompa\u00f1ado de <a><\/a>integrantes de su cabildo, reconoci\u00f3 la participaci\u00f3n e inter\u00e9s de los integrantes de dicho consejo para buscar el bien com\u00fan de todos sus representados y al mismo tiempo dijo, \u00abnosotros como gobierno lo que buscamos es acercarnos a ustedes para tener una correlaci\u00f3n, la cual debe existir para poder trabajar en equipo\u00bb, se\u00f1al\u00f3.<\/p>\n\n\n\n<p>El Presidente Municipal, reiter\u00f3 su disposici\u00f3n y compromiso de seguir trabajando de la mano con la ciudadan\u00eda para seguir d\u00e1ndole el desarrollo que el municipio merece.<\/p>\n\n\n\n<p>Posteriormente, cada uno de lo representantes de los diferentes municipios detall\u00f3 sus informes en materia de seguridad para bien de sus gobernados.<\/p>\n","protected":false},"excerpt":{"rendered":"<p>Con la finalidad de llevar a cabo un trabajo coordinado, sociedad y gobierno, donde se privilegie la participaci\u00f3n ciudadana, se llev\u00f3 a cabo la reuni\u00f3n regional de seguridad p\u00fablica, con la presencia de Fredi Ramirez Diaz presidente de Sunuapa y de Amancio Federico de Chapultenango, as\u00ed como de representantes de los municipios vecinos. Al dar [&hellip;]<\/p>\n","protected":false},"author":1,"featured_media":90588,"comment_status":"closed","ping_status":"closed","sticky":false,"template":"","format":"standard","meta":{"footnotes":""},"categories":[4],"tags":[],"class_list":["post-90587","post","type-post","status-publish","format-standard","has-post-thumbnail","hentry","category-regional"],"_links":{"self":[{"href":"https:\/\/elobservadorzonanorte.com.mx\/index.php?rest_route=\/wp\/v2\/posts\/90587","targetHints":{"allow":["GET"]}}],"collection":[{"href":"https:\/\/elobservadorzonanorte.com.mx\/index.php?rest_route=\/wp\/v2\/posts"}],"about":[{"href":"https:\/\/elobservadorzonanorte.com.mx\/index.php?rest_route=\/wp\/v2\/types\/post"}],"author":[{"embeddable":true,"href":"https:\/\/elobservadorzonanorte.com.mx\/index.php?rest_route=\/wp\/v2\/users\/1"}],"replies":[{"embeddable":true,"href":"https:\/\/elobservadorzonanorte.com.mx\/index.php?rest_route=%2Fwp%2Fv2%2Fcomments&post=90587"}],"version-history":[{"count":0,"href":"https:\/\/elobservadorzonanorte.com.mx\/index.php?rest_route=\/wp\/v2\/posts\/90587\/revisions"}],"wp:featuredmedia":[{"embeddable":true,"href":"https:\/\/elobservadorzonanorte.com.mx\/index.php?rest_route=\/wp\/v2\/media\/90588"}],"wp:attachment":[{"href":"https:\/\/elobservadorzonanorte.com.mx\/index.php?rest_route=%2Fwp%2Fv2%2Fmedia&parent=90587"}],"wp:term":[{"taxonomy":"category","embeddable":true,"href":"https:\/\/elobservadorzonanorte.com.mx\/index.php?rest_route=%2Fwp%2Fv2%2Fcategories&post=90587"},{"taxonomy":"post_tag","embeddable":true,"href":"https:\/\/elobservadorzonanorte.com.mx\/index.php?rest_route=%2Fwp%2Fv2%2Ftags&post=90587"}],"curies":[{"name":"wp","href":"https:\/\/api.w.org\/{rel}","templated":true}]}}