{"id":90582,"date":"2024-10-23T02:55:17","date_gmt":"2024-10-23T02:55:17","guid":{"rendered":"https:\/\/elobservadorzonanorte.com.mx\/?p=90582"},"modified":"2024-10-23T02:55:18","modified_gmt":"2024-10-23T02:55:18","slug":"recorre-sergio-alejandro-aguilar-rivera-inmediaciones-de-la-coordinacion-de-archivo","status":"publish","type":"post","link":"https:\/\/elobservadorzonanorte.com.mx\/?p=90582","title":{"rendered":"Recorre Sergio Alejandro Aguilar Rivera inmediaciones de la Coordinaci\u00f3n de Archivo"},"content":{"rendered":"\n<figure class=\"wp-block-image size-full\"><img decoding=\"async\" width=\"593\" height=\"395\" src=\"https:\/\/elobservadorzonanorte.com.mx\/wp-content\/uploads\/2024\/10\/464239001_2828765827292394_6613039309582329176_n.jpg\" alt=\"\" class=\"wp-image-90585\"\/><\/figure>\n\n\n\n<figure class=\"wp-block-image size-full\"><img decoding=\"async\" width=\"593\" height=\"395\" src=\"https:\/\/elobservadorzonanorte.com.mx\/wp-content\/uploads\/2024\/10\/464185278_2828765883959055_6949589169820957587_n.jpg\" alt=\"\" class=\"wp-image-90584\"\/><\/figure>\n\n\n\n<figure class=\"wp-block-image size-full\"><img decoding=\"async\" width=\"593\" height=\"395\" src=\"https:\/\/elobservadorzonanorte.com.mx\/wp-content\/uploads\/2024\/10\/464186198_2828765687292408_144166687396298924_n.jpg\" alt=\"\" class=\"wp-image-90583\"\/><\/figure>\n\n\n\n<p>Debido al ejercicio de entrega &#8211; recepci\u00f3n 2024, nuestro Secretario Ejecutivo del SESP Sergio Alejandro Aguilar Rivera, realiz\u00f3 un recorrido por las instalaciones de la Coordinaci\u00f3n de Archivo.<\/p>\n\n\n\n<p>En dicho recorrido, dio puntual seguimiento a los trabajos realizados para la conservaci\u00f3n y concentraci\u00f3n documental de la entidad en materia archiv\u00edstica, nuestro titular agradeci\u00f3 el compromiso con <a><\/a>el orden y la eficacia en los archivos de la Instituci\u00f3n.<\/p>\n","protected":false},"excerpt":{"rendered":"<p>Debido al ejercicio de entrega &#8211; recepci\u00f3n 2024, nuestro Secretario Ejecutivo del SESP Sergio Alejandro Aguilar Rivera, realiz\u00f3 un recorrido por las instalaciones de la Coordinaci\u00f3n de Archivo. En dicho recorrido, dio puntual seguimiento a los trabajos realizados para la conservaci\u00f3n y concentraci\u00f3n documental de la entidad en materia archiv\u00edstica, nuestro titular agradeci\u00f3 el compromiso [&hellip;]<\/p>\n","protected":false},"author":1,"featured_media":90584,"comment_status":"closed","ping_status":"closed","sticky":false,"template":"","format":"standard","meta":{"footnotes":""},"categories":[3],"tags":[],"class_list":["post-90582","post","type-post","status-publish","format-standard","has-post-thumbnail","hentry","category-estatal"],"_links":{"self":[{"href":"https:\/\/elobservadorzonanorte.com.mx\/index.php?rest_route=\/wp\/v2\/posts\/90582","targetHints":{"allow":["GET"]}}],"collection":[{"href":"https:\/\/elobservadorzonanorte.com.mx\/index.php?rest_route=\/wp\/v2\/posts"}],"about":[{"href":"https:\/\/elobservadorzonanorte.com.mx\/index.php?rest_route=\/wp\/v2\/types\/post"}],"author":[{"embeddable":true,"href":"https:\/\/elobservadorzonanorte.com.mx\/index.php?rest_route=\/wp\/v2\/users\/1"}],"replies":[{"embeddable":true,"href":"https:\/\/elobservadorzonanorte.com.mx\/index.php?rest_route=%2Fwp%2Fv2%2Fcomments&post=90582"}],"version-history":[{"count":0,"href":"https:\/\/elobservadorzonanorte.com.mx\/index.php?rest_route=\/wp\/v2\/posts\/90582\/revisions"}],"wp:featuredmedia":[{"embeddable":true,"href":"https:\/\/elobservadorzonanorte.com.mx\/index.php?rest_route=\/wp\/v2\/media\/90584"}],"wp:attachment":[{"href":"https:\/\/elobservadorzonanorte.com.mx\/index.php?rest_route=%2Fwp%2Fv2%2Fmedia&parent=90582"}],"wp:term":[{"taxonomy":"category","embeddable":true,"href":"https:\/\/elobservadorzonanorte.com.mx\/index.php?rest_route=%2Fwp%2Fv2%2Fcategories&post=90582"},{"taxonomy":"post_tag","embeddable":true,"href":"https:\/\/elobservadorzonanorte.com.mx\/index.php?rest_route=%2Fwp%2Fv2%2Ftags&post=90582"}],"curies":[{"name":"wp","href":"https:\/\/api.w.org\/{rel}","templated":true}]}}