{"id":90571,"date":"2024-10-23T02:53:33","date_gmt":"2024-10-23T02:53:33","guid":{"rendered":"https:\/\/elobservadorzonanorte.com.mx\/?p=90571"},"modified":"2024-10-23T02:53:33","modified_gmt":"2024-10-23T02:53:33","slug":"oscar-serra-cantoral-toma-protesta-de-ley-a-la-regidora-cecilia-gutierrez-herrera-para-fortalecer-la-administracion-municipal","status":"publish","type":"post","link":"https:\/\/elobservadorzonanorte.com.mx\/?p=90571","title":{"rendered":"OSCAR SERRA CANTORAL TOMA PROTESTA DE LEY A LA REGIDORA CECILIA GUTI\u00c9RREZ HERRERA PARA FORTALECER LA ADMINISTRACI\u00d3N MUNICIPAL"},"content":{"rendered":"\n<figure class=\"wp-block-image size-full\"><img decoding=\"async\" width=\"600\" height=\"464\" src=\"https:\/\/elobservadorzonanorte.com.mx\/wp-content\/uploads\/2024\/10\/464364574_2828757353959908_3324933531329271273_n.jpg\" alt=\"\" class=\"wp-image-90573\"\/><\/figure>\n\n\n\n<figure class=\"wp-block-image size-full\"><img decoding=\"async\" width=\"600\" height=\"464\" src=\"https:\/\/elobservadorzonanorte.com.mx\/wp-content\/uploads\/2024\/10\/464132568_2828757283959915_2706962905213296001_n.jpg\" alt=\"\" class=\"wp-image-90572\"\/><\/figure>\n\n\n\n<p>Con el objetivo fortalecer la estructura del H. Ayuntamiento, sumando a una nueva integrante comprometida con los ideales y las necesidades de la comunidad, con miras a mejorar la atenci\u00f3n y los servicios brindados a la ciudadan\u00eda el Presidente Municipal, Oscar Serra Cantoral, presidi\u00f3 la ceremonia de toma de protesta de ley a la nueva regidora, Cecilia <a><\/a>Guti\u00e9rrez Herrera.<\/p>\n\n\n\n<p>La incorporaci\u00f3n de Cecilia Guti\u00e9rrez Herrera al cabildo responde a la necesidad de consolidar el equipo de trabajo de la administraci\u00f3n municipal, asegurando que las responsabilidades y decisiones se lleven a cabo con total transparencia y eficiencia. Su participaci\u00f3n ser\u00e1 clave para avanzar en la ejecuci\u00f3n de proyectos y en la implementaci\u00f3n de pol\u00edticas p\u00fablicas orientadas al bienestar de las familias juarenses.<\/p>\n\n\n\n<p>Durante el acto, el presidente municipal, Oscar Serra Cantoral, expres\u00f3: \u00abHoy damos un paso m\u00e1s en la construcci\u00f3n de un gobierno comprometido con los ciudadanos. Cecilia Guti\u00e9rrez Herrera es una persona con una gran vocaci\u00f3n de servicio y estoy seguro de que su trabajo en el cabildo contribuir\u00e1 a lograr los objetivos que nos hemos planteado como administraci\u00f3n. Nos espera mucho trabajo por delante, y juntos continuaremos esforz\u00e1ndonos para atender las necesidades de nuestra gente\u00bb.<\/p>\n\n\n\n<p>Con este nombramiento, el Gobierno Municipal reafirma su compromiso de fortalecer la participaci\u00f3n ciudadana y el desarrollo del municipio, garantizando que cada decisi\u00f3n se tome con base en los intereses y necesidades de las diversas comunidades de Ju\u00e1rez. La regidora Guti\u00e9rrez Herrera agradeci\u00f3 la confianza depositada en ella y asegur\u00f3 que trabajar\u00e1 con empe\u00f1o y dedicaci\u00f3n para estar a la altura de las expectativas de los ciudadanos.<\/p>\n\n\n\n<p>El acto de toma de protesta cont\u00f3 con la presencia de los miembros del H. Cabildo, quienes manifestaron su respaldo a esta nueva etapa en la administraci\u00f3n local.<\/p>\n\n\n\n<p><a href=\"https:\/\/www.facebook.com\/hashtag\/sigamoshaci%C3%A9ndolojuntos?__eep__=6&amp;__cft__[0]=AZWIJH7OMSTBneCDoKcChIaO4G3pQuneOdLJ3CaH7glmLK74csAEd05kL_SnRHyXXBEF7WcPBriNiZp99fyENlQGp3V0wEZkz31ynM9TbOnAEqvkodOV4B45GyHMVorkwnoBgwuoOyI37GZWFSGZ03DPPZavbUjs08RigfulVfpDdCzLLv1_Ac_EhworhjD2DLXOa1EUDTJr4RQEHxDowxF3&amp;__tn__=*NK-R\" target=\"_blank\" rel=\"noopener\">#SigamosHaci\u00e9ndoloJuntos<\/a><\/p>\n\n\n\n<p><a href=\"https:\/\/www.facebook.com\/OscarSerra5055233?__cft__[0]=AZWIJH7OMSTBneCDoKcChIaO4G3pQuneOdLJ3CaH7glmLK74csAEd05kL_SnRHyXXBEF7WcPBriNiZp99fyENlQGp3V0wEZkz31ynM9TbOnAEqvkodOV4B45GyHMVorkwnoBgwuoOyI37GZWFSGZ03DPPZavbUjs08RigfulVfpDdCzLLv1_Ac_EhworhjD2DLXOa1EUDTJr4RQEHxDowxF3&amp;__tn__=-]K-R\" target=\"_blank\" rel=\"noopener\">Oscar Serra Cantoral<\/a><\/p>\n\n\n\n<p><a href=\"https:\/\/www.facebook.com\/oscarserracantoral?__cft__[0]=AZWIJH7OMSTBneCDoKcChIaO4G3pQuneOdLJ3CaH7glmLK74csAEd05kL_SnRHyXXBEF7WcPBriNiZp99fyENlQGp3V0wEZkz31ynM9TbOnAEqvkodOV4B45GyHMVorkwnoBgwuoOyI37GZWFSGZ03DPPZavbUjs08RigfulVfpDdCzLLv1_Ac_EhworhjD2DLXOa1EUDTJr4RQEHxDowxF3&amp;__tn__=-]K-R\" target=\"_blank\" rel=\"noopener\">Oscar Serra Cantoral<\/a><\/p>\n","protected":false},"excerpt":{"rendered":"<p>Con el objetivo fortalecer la estructura del H. Ayuntamiento, sumando a una nueva integrante comprometida con los ideales y las necesidades de la comunidad, con miras a mejorar la atenci\u00f3n y los servicios brindados a la ciudadan\u00eda el Presidente Municipal, Oscar Serra Cantoral, presidi\u00f3 la ceremonia de toma de protesta de ley a la nueva [&hellip;]<\/p>\n","protected":false},"author":1,"featured_media":90572,"comment_status":"closed","ping_status":"closed","sticky":false,"template":"","format":"standard","meta":{"footnotes":""},"categories":[4],"tags":[],"class_list":["post-90571","post","type-post","status-publish","format-standard","has-post-thumbnail","hentry","category-regional"],"_links":{"self":[{"href":"https:\/\/elobservadorzonanorte.com.mx\/index.php?rest_route=\/wp\/v2\/posts\/90571","targetHints":{"allow":["GET"]}}],"collection":[{"href":"https:\/\/elobservadorzonanorte.com.mx\/index.php?rest_route=\/wp\/v2\/posts"}],"about":[{"href":"https:\/\/elobservadorzonanorte.com.mx\/index.php?rest_route=\/wp\/v2\/types\/post"}],"author":[{"embeddable":true,"href":"https:\/\/elobservadorzonanorte.com.mx\/index.php?rest_route=\/wp\/v2\/users\/1"}],"replies":[{"embeddable":true,"href":"https:\/\/elobservadorzonanorte.com.mx\/index.php?rest_route=%2Fwp%2Fv2%2Fcomments&post=90571"}],"version-history":[{"count":0,"href":"https:\/\/elobservadorzonanorte.com.mx\/index.php?rest_route=\/wp\/v2\/posts\/90571\/revisions"}],"wp:featuredmedia":[{"embeddable":true,"href":"https:\/\/elobservadorzonanorte.com.mx\/index.php?rest_route=\/wp\/v2\/media\/90572"}],"wp:attachment":[{"href":"https:\/\/elobservadorzonanorte.com.mx\/index.php?rest_route=%2Fwp%2Fv2%2Fmedia&parent=90571"}],"wp:term":[{"taxonomy":"category","embeddable":true,"href":"https:\/\/elobservadorzonanorte.com.mx\/index.php?rest_route=%2Fwp%2Fv2%2Fcategories&post=90571"},{"taxonomy":"post_tag","embeddable":true,"href":"https:\/\/elobservadorzonanorte.com.mx\/index.php?rest_route=%2Fwp%2Fv2%2Ftags&post=90571"}],"curies":[{"name":"wp","href":"https:\/\/api.w.org\/{rel}","templated":true}]}}