{"id":90568,"date":"2024-10-23T02:53:05","date_gmt":"2024-10-23T02:53:05","guid":{"rendered":"https:\/\/elobservadorzonanorte.com.mx\/?p=90568"},"modified":"2024-10-23T02:53:06","modified_gmt":"2024-10-23T02:53:06","slug":"el-gobierno-municipal-de-pichucalco-y-la-secretaria-de-proteccion-civil-dan-a-conocer-el-proceda-se-esperan-lluvias-muy-fuertes-en-nuestra-region","status":"publish","type":"post","link":"https:\/\/elobservadorzonanorte.com.mx\/?p=90568","title":{"rendered":"El Gobierno Municipal de Pichucalco y la Secretar\u00eda de Protecci\u00f3n Civil, dan a conocer el #Proceda || Se esperan #Lluvias muy fuertes en nuestra regi\u00f3n"},"content":{"rendered":"\n<figure class=\"wp-block-image size-full\"><img decoding=\"async\" width=\"600\" height=\"526\" src=\"https:\/\/elobservadorzonanorte.com.mx\/wp-content\/uploads\/2024\/10\/464379501_2828756173960026_8297571492694017940_n.jpg\" alt=\"\" class=\"wp-image-90569\"\/><\/figure>\n\n\n\n<p>En Temporada de <a href=\"https:\/\/www.facebook.com\/hashtag\/lluvias?__eep__=6&amp;__cft__[0]=AZWuRjTGMVI9ces2RG243ZV7HN81LH3DM6WVpBIeK8fblD7mB-_YjtYlGvmf-utfGjEHsN_MY_rDs8ZRHxjvp2CnPh9WKk9pxYomeUrkk6KiI3VtaVKmhL-7J1D64PKtb9xzedMw0A6wT-AHosoQjBEwwUJmxJwluIDz8V3Ns_pXV02hkSWGuUzQmSUOqjbprRi4MQFdRRcgU8xUtyiasL0t&amp;__tn__=*NK-R\" target=\"_blank\" rel=\"noopener\">#Lluvias<\/a> y <a href=\"https:\/\/www.facebook.com\/hashtag\/ciclonestropicales?__eep__=6&amp;__cft__[0]=AZWuRjTGMVI9ces2RG243ZV7HN81LH3DM6WVpBIeK8fblD7mB-_YjtYlGvmf-utfGjEHsN_MY_rDs8ZRHxjvp2CnPh9WKk9pxYomeUrkk6KiI3VtaVKmhL-7J1D64PKtb9xzedMw0A6wT-AHosoQjBEwwUJmxJwluIDz8V3Ns_pXV02hkSWGuUzQmSUOqjbprRi4MQFdRRcgU8xUtyiasL0t&amp;__tn__=*NK-R\" target=\"_blank\" rel=\"noopener\">#CiclonesTropicales<\/a>, refuerza techos, ventanas y puertas.<\/p>\n\n\n\n<p>\u00a1Reporte <a href=\"https:\/\/www.facebook.com\/hashtag\/emergencias?__eep__=6&amp;__cft__[0]=AZWuRjTGMVI9ces2RG243ZV7HN81LH3DM6WVpBIeK8fblD7mB-_YjtYlGvmf-utfGjEHsN_MY_rDs8ZRHxjvp2CnPh9WKk9pxYomeUrkk6KiI3VtaVKmhL-7J1D64PKtb9xzedMw0A6wT-AHosoQjBEwwUJmxJwluIDz8V3Ns_pXV02hkSWGuUzQmSUOqjbprRi4MQFdRRcgU8xUtyiasL0t&amp;__tn__=*NK-R\" target=\"_blank\" rel=\"noopener\">#Emergencias<\/a> al 911!<\/p>\n\n\n\n<p>La <a><\/a>Protecci\u00f3n Civil la Hacemos Todos.<\/p>\n","protected":false},"excerpt":{"rendered":"<p>En Temporada de #Lluvias y #CiclonesTropicales, refuerza techos, ventanas y puertas. \u00a1Reporte #Emergencias al 911! La Protecci\u00f3n Civil la Hacemos Todos.<\/p>\n","protected":false},"author":1,"featured_media":0,"comment_status":"closed","ping_status":"closed","sticky":false,"template":"","format":"standard","meta":{"footnotes":""},"categories":[3,4],"tags":[],"class_list":["post-90568","post","type-post","status-publish","format-standard","hentry","category-estatal","category-regional"],"_links":{"self":[{"href":"https:\/\/elobservadorzonanorte.com.mx\/index.php?rest_route=\/wp\/v2\/posts\/90568","targetHints":{"allow":["GET"]}}],"collection":[{"href":"https:\/\/elobservadorzonanorte.com.mx\/index.php?rest_route=\/wp\/v2\/posts"}],"about":[{"href":"https:\/\/elobservadorzonanorte.com.mx\/index.php?rest_route=\/wp\/v2\/types\/post"}],"author":[{"embeddable":true,"href":"https:\/\/elobservadorzonanorte.com.mx\/index.php?rest_route=\/wp\/v2\/users\/1"}],"replies":[{"embeddable":true,"href":"https:\/\/elobservadorzonanorte.com.mx\/index.php?rest_route=%2Fwp%2Fv2%2Fcomments&post=90568"}],"version-history":[{"count":0,"href":"https:\/\/elobservadorzonanorte.com.mx\/index.php?rest_route=\/wp\/v2\/posts\/90568\/revisions"}],"wp:attachment":[{"href":"https:\/\/elobservadorzonanorte.com.mx\/index.php?rest_route=%2Fwp%2Fv2%2Fmedia&parent=90568"}],"wp:term":[{"taxonomy":"category","embeddable":true,"href":"https:\/\/elobservadorzonanorte.com.mx\/index.php?rest_route=%2Fwp%2Fv2%2Fcategories&post=90568"},{"taxonomy":"post_tag","embeddable":true,"href":"https:\/\/elobservadorzonanorte.com.mx\/index.php?rest_route=%2Fwp%2Fv2%2Ftags&post=90568"}],"curies":[{"name":"wp","href":"https:\/\/api.w.org\/{rel}","templated":true}]}}