{"id":90564,"date":"2024-10-23T02:52:48","date_gmt":"2024-10-23T02:52:48","guid":{"rendered":"https:\/\/elobservadorzonanorte.com.mx\/?p=90564"},"modified":"2024-10-23T02:52:49","modified_gmt":"2024-10-23T02:52:49","slug":"sesion-del-consejo-de-proteccion-civil-municipal-uniendo-fuerzas-ante-la-tormenta-tropical-nadine","status":"publish","type":"post","link":"https:\/\/elobservadorzonanorte.com.mx\/?p=90564","title":{"rendered":"Sesi\u00f3n del Consejo de Protecci\u00f3n Civil Municipal: Uniendo Fuerzas ante la Tormenta Tropical \u00abNadine\u00bb"},"content":{"rendered":"\n<figure class=\"wp-block-image size-full\"><img decoding=\"async\" width=\"450\" height=\"600\" src=\"https:\/\/elobservadorzonanorte.com.mx\/wp-content\/uploads\/2024\/10\/464220714_2828755687293408_6752733451144157671_n.jpg\" alt=\"\" class=\"wp-image-90566\"\/><\/figure>\n\n\n\n<figure class=\"wp-block-image size-full\"><img decoding=\"async\" width=\"600\" height=\"450\" src=\"https:\/\/elobservadorzonanorte.com.mx\/wp-content\/uploads\/2024\/10\/464239506_2828755633960080_2866452553869727453_n.jpg\" alt=\"\" class=\"wp-image-90565\"\/><\/figure>\n\n\n\n<p>En un esfuerzo por mitigar los efectos de la tormenta tropical n\u00famero 15 \u00abNadine\u00bb, el Consejo de Protecci\u00f3n Civil Municipal de Pantepec se reuni\u00f3 de manera urgente para coordinar acciones y brindar atenci\u00f3n a la poblaci\u00f3n afectada.<\/p>\n\n\n\n<p>El presidente municipal destac\u00f3 la importancia del trabajo interinstitucional donde el Presidente Municipal Lic. Osmar Velasco Garc\u00eda, reconoci\u00f3 el <a><\/a>apoyo incondicional de la SEDENA, bajo el mando del Coronel Heriberto Ch\u00e1vez Ortega, en este momento cr\u00edtico<\/p>\n\n\n\n<p>La sesi\u00f3n del Consejo de Protecci\u00f3n Civil Municipal cont\u00f3 con la participaci\u00f3n de representantes de los tres niveles de gobierno, incluyendo la Guardia Nacional, el Ej\u00e9rcito Mexicano y la Comisi\u00f3n Nacional del Agua.<\/p>\n\n\n\n<p>Juntos, buscan realizar acciones coordinadas para atender las contingencias causadas por las intensas lluvias.<\/p>\n\n\n\n<p>Se han habilitado albergues para prevenir situaciones de riesgo y se mantiene la atenci\u00f3n a las contingencias que puedan presentarse en zonas bajas de la ciudad. El Sistema Municipal de Protecci\u00f3n Civil est\u00e1 al pendiente, ya que se pronostican lluvias intensas en las pr\u00f3ximas horas.<\/p>\n\n\n\n<p>En este momento dif\u00edcil, la unidad y solidaridad son fundamentales.<\/p>\n\n\n\n<p><a href=\"https:\/\/www.facebook.com\/osmarwilian.velascogarcia?__cft__[0]=AZVlsCvaPsNDRAit7CShwWkdeZ2JAsZwhNnmu00ZHX_mjZAOGI28hohk_6tVhjWYXPVOGtx1zWHmPWxZDFPDN-ClT4TpxeRW181aSO3kjKvxKiqjwBF6SrQ6GDFt-dd2fVVhuKl4zW7bzI-bw2e_TT5h9hh89YkOKEmWQBUERVimRWTQiFpA4v9eF9JSMFfdJddJvmoCs4V8KBxjpQK3edZv&amp;__tn__=-]K-R\" target=\"_blank\" rel=\"noopener\">Osmar Velasco Garcia<\/a><\/p>\n\n\n\n<p><a href=\"https:\/\/www.facebook.com\/carlos.marquez.9081323?__cft__[0]=AZVlsCvaPsNDRAit7CShwWkdeZ2JAsZwhNnmu00ZHX_mjZAOGI28hohk_6tVhjWYXPVOGtx1zWHmPWxZDFPDN-ClT4TpxeRW181aSO3kjKvxKiqjwBF6SrQ6GDFt-dd2fVVhuKl4zW7bzI-bw2e_TT5h9hh89YkOKEmWQBUERVimRWTQiFpA4v9eF9JSMFfdJddJvmoCs4V8KBxjpQK3edZv&amp;__tn__=-]K-R\" target=\"_blank\" rel=\"noopener\">Carlos Marquez<\/a><\/p>\n","protected":false},"excerpt":{"rendered":"<p>En un esfuerzo por mitigar los efectos de la tormenta tropical n\u00famero 15 \u00abNadine\u00bb, el Consejo de Protecci\u00f3n Civil Municipal de Pantepec se reuni\u00f3 de manera urgente para coordinar acciones y brindar atenci\u00f3n a la poblaci\u00f3n afectada. El presidente municipal destac\u00f3 la importancia del trabajo interinstitucional donde el Presidente Municipal Lic. Osmar Velasco Garc\u00eda, reconoci\u00f3 [&hellip;]<\/p>\n","protected":false},"author":1,"featured_media":90565,"comment_status":"closed","ping_status":"closed","sticky":false,"template":"","format":"standard","meta":{"footnotes":""},"categories":[3,4],"tags":[],"class_list":["post-90564","post","type-post","status-publish","format-standard","has-post-thumbnail","hentry","category-estatal","category-regional"],"_links":{"self":[{"href":"https:\/\/elobservadorzonanorte.com.mx\/index.php?rest_route=\/wp\/v2\/posts\/90564","targetHints":{"allow":["GET"]}}],"collection":[{"href":"https:\/\/elobservadorzonanorte.com.mx\/index.php?rest_route=\/wp\/v2\/posts"}],"about":[{"href":"https:\/\/elobservadorzonanorte.com.mx\/index.php?rest_route=\/wp\/v2\/types\/post"}],"author":[{"embeddable":true,"href":"https:\/\/elobservadorzonanorte.com.mx\/index.php?rest_route=\/wp\/v2\/users\/1"}],"replies":[{"embeddable":true,"href":"https:\/\/elobservadorzonanorte.com.mx\/index.php?rest_route=%2Fwp%2Fv2%2Fcomments&post=90564"}],"version-history":[{"count":0,"href":"https:\/\/elobservadorzonanorte.com.mx\/index.php?rest_route=\/wp\/v2\/posts\/90564\/revisions"}],"wp:featuredmedia":[{"embeddable":true,"href":"https:\/\/elobservadorzonanorte.com.mx\/index.php?rest_route=\/wp\/v2\/media\/90565"}],"wp:attachment":[{"href":"https:\/\/elobservadorzonanorte.com.mx\/index.php?rest_route=%2Fwp%2Fv2%2Fmedia&parent=90564"}],"wp:term":[{"taxonomy":"category","embeddable":true,"href":"https:\/\/elobservadorzonanorte.com.mx\/index.php?rest_route=%2Fwp%2Fv2%2Fcategories&post=90564"},{"taxonomy":"post_tag","embeddable":true,"href":"https:\/\/elobservadorzonanorte.com.mx\/index.php?rest_route=%2Fwp%2Fv2%2Ftags&post=90564"}],"curies":[{"name":"wp","href":"https:\/\/api.w.org\/{rel}","templated":true}]}}