{"id":90545,"date":"2024-10-22T03:21:44","date_gmt":"2024-10-22T03:21:44","guid":{"rendered":"https:\/\/elobservadorzonanorte.com.mx\/?p=90545"},"modified":"2024-10-22T03:21:45","modified_gmt":"2024-10-22T03:21:45","slug":"instalan-en-congreso-del-estado-comisiones-parlamentarias","status":"publish","type":"post","link":"https:\/\/elobservadorzonanorte.com.mx\/?p=90545","title":{"rendered":"*Instalan en Congreso del Estado comisiones parlamentarias*"},"content":{"rendered":"\n<figure class=\"wp-block-gallery has-nested-images columns-default is-cropped wp-block-gallery-1 is-layout-flex wp-block-gallery-is-layout-flex\">\n<figure class=\"wp-block-image size-large\"><img decoding=\"async\" width=\"2560\" height=\"1707\" data-id=\"90547\" src=\"https:\/\/elobservadorzonanorte.com.mx\/wp-content\/uploads\/2024\/10\/WhatsApp-Image-2024-10-21-at-8.16.40-PM1-scaled.jpeg\" alt=\"\" class=\"wp-image-90547\" srcset=\"https:\/\/elobservadorzonanorte.com.mx\/wp-content\/uploads\/2024\/10\/WhatsApp-Image-2024-10-21-at-8.16.40-PM1-scaled.jpeg 2560w, https:\/\/elobservadorzonanorte.com.mx\/wp-content\/uploads\/2024\/10\/WhatsApp-Image-2024-10-21-at-8.16.40-PM1-768x512.jpeg 768w, https:\/\/elobservadorzonanorte.com.mx\/wp-content\/uploads\/2024\/10\/WhatsApp-Image-2024-10-21-at-8.16.40-PM1-1536x1024.jpeg 1536w, https:\/\/elobservadorzonanorte.com.mx\/wp-content\/uploads\/2024\/10\/WhatsApp-Image-2024-10-21-at-8.16.40-PM1-2048x1366.jpeg 2048w\" sizes=\"(max-width: 2560px) 100vw, 2560px\" \/><\/figure>\n\n\n\n<figure class=\"wp-block-image size-large\"><img decoding=\"async\" width=\"2560\" height=\"1707\" data-id=\"90549\" src=\"https:\/\/elobservadorzonanorte.com.mx\/wp-content\/uploads\/2024\/10\/WhatsApp-Image-2024-10-21-at-8.16.40-PM2-scaled.jpeg\" alt=\"\" class=\"wp-image-90549\" srcset=\"https:\/\/elobservadorzonanorte.com.mx\/wp-content\/uploads\/2024\/10\/WhatsApp-Image-2024-10-21-at-8.16.40-PM2-scaled.jpeg 2560w, https:\/\/elobservadorzonanorte.com.mx\/wp-content\/uploads\/2024\/10\/WhatsApp-Image-2024-10-21-at-8.16.40-PM2-768x512.jpeg 768w, https:\/\/elobservadorzonanorte.com.mx\/wp-content\/uploads\/2024\/10\/WhatsApp-Image-2024-10-21-at-8.16.40-PM2-1536x1024.jpeg 1536w, https:\/\/elobservadorzonanorte.com.mx\/wp-content\/uploads\/2024\/10\/WhatsApp-Image-2024-10-21-at-8.16.40-PM2-2048x1366.jpeg 2048w\" sizes=\"(max-width: 2560px) 100vw, 2560px\" \/><\/figure>\n\n\n\n<figure class=\"wp-block-image size-large\"><img decoding=\"async\" width=\"2560\" height=\"1707\" data-id=\"90553\" src=\"https:\/\/elobservadorzonanorte.com.mx\/wp-content\/uploads\/2024\/10\/WhatsApp-Image-2024-10-21-at-8.16.40-PM3-scaled.jpeg\" alt=\"\" class=\"wp-image-90553\" srcset=\"https:\/\/elobservadorzonanorte.com.mx\/wp-content\/uploads\/2024\/10\/WhatsApp-Image-2024-10-21-at-8.16.40-PM3-scaled.jpeg 2560w, https:\/\/elobservadorzonanorte.com.mx\/wp-content\/uploads\/2024\/10\/WhatsApp-Image-2024-10-21-at-8.16.40-PM3-768x512.jpeg 768w, https:\/\/elobservadorzonanorte.com.mx\/wp-content\/uploads\/2024\/10\/WhatsApp-Image-2024-10-21-at-8.16.40-PM3-1536x1024.jpeg 1536w, https:\/\/elobservadorzonanorte.com.mx\/wp-content\/uploads\/2024\/10\/WhatsApp-Image-2024-10-21-at-8.16.40-PM3-2048x1366.jpeg 2048w\" sizes=\"(max-width: 2560px) 100vw, 2560px\" \/><\/figure>\n\n\n\n<figure class=\"wp-block-image size-large\"><img decoding=\"async\" width=\"2560\" height=\"1707\" data-id=\"90555\" src=\"https:\/\/elobservadorzonanorte.com.mx\/wp-content\/uploads\/2024\/10\/WhatsApp-Image-2024-10-21-at-8.16.40-PM-scaled.jpeg\" alt=\"\" class=\"wp-image-90555\" srcset=\"https:\/\/elobservadorzonanorte.com.mx\/wp-content\/uploads\/2024\/10\/WhatsApp-Image-2024-10-21-at-8.16.40-PM-scaled.jpeg 2560w, https:\/\/elobservadorzonanorte.com.mx\/wp-content\/uploads\/2024\/10\/WhatsApp-Image-2024-10-21-at-8.16.40-PM-768x512.jpeg 768w, https:\/\/elobservadorzonanorte.com.mx\/wp-content\/uploads\/2024\/10\/WhatsApp-Image-2024-10-21-at-8.16.40-PM-1536x1024.jpeg 1536w, https:\/\/elobservadorzonanorte.com.mx\/wp-content\/uploads\/2024\/10\/WhatsApp-Image-2024-10-21-at-8.16.40-PM-2048x1366.jpeg 2048w\" sizes=\"(max-width: 2560px) 100vw, 2560px\" \/><\/figure>\n\n\n\n<figure class=\"wp-block-image size-large\"><img decoding=\"async\" width=\"1600\" height=\"1066\" data-id=\"90550\" src=\"https:\/\/elobservadorzonanorte.com.mx\/wp-content\/uploads\/2024\/10\/WhatsApp-Image-2024-10-21-at-8.16.41-PM1.jpeg\" alt=\"\" class=\"wp-image-90550\" srcset=\"https:\/\/elobservadorzonanorte.com.mx\/wp-content\/uploads\/2024\/10\/WhatsApp-Image-2024-10-21-at-8.16.41-PM1.jpeg 1600w, https:\/\/elobservadorzonanorte.com.mx\/wp-content\/uploads\/2024\/10\/WhatsApp-Image-2024-10-21-at-8.16.41-PM1-768x512.jpeg 768w, https:\/\/elobservadorzonanorte.com.mx\/wp-content\/uploads\/2024\/10\/WhatsApp-Image-2024-10-21-at-8.16.41-PM1-1536x1023.jpeg 1536w\" sizes=\"(max-width: 1600px) 100vw, 1600px\" \/><\/figure>\n\n\n\n<figure class=\"wp-block-image size-large\"><img decoding=\"async\" width=\"1600\" height=\"1066\" data-id=\"90546\" src=\"https:\/\/elobservadorzonanorte.com.mx\/wp-content\/uploads\/2024\/10\/WhatsApp-Image-2024-10-21-at-8.16.41-PM2.jpeg\" alt=\"\" class=\"wp-image-90546\" srcset=\"https:\/\/elobservadorzonanorte.com.mx\/wp-content\/uploads\/2024\/10\/WhatsApp-Image-2024-10-21-at-8.16.41-PM2.jpeg 1600w, https:\/\/elobservadorzonanorte.com.mx\/wp-content\/uploads\/2024\/10\/WhatsApp-Image-2024-10-21-at-8.16.41-PM2-768x512.jpeg 768w, https:\/\/elobservadorzonanorte.com.mx\/wp-content\/uploads\/2024\/10\/WhatsApp-Image-2024-10-21-at-8.16.41-PM2-1536x1023.jpeg 1536w\" sizes=\"(max-width: 1600px) 100vw, 1600px\" \/><\/figure>\n\n\n\n<figure class=\"wp-block-image size-large\"><img decoding=\"async\" width=\"2560\" height=\"1707\" data-id=\"90552\" src=\"https:\/\/elobservadorzonanorte.com.mx\/wp-content\/uploads\/2024\/10\/WhatsApp-Image-2024-10-21-at-8.16.41-PM-scaled.jpeg\" alt=\"\" class=\"wp-image-90552\" srcset=\"https:\/\/elobservadorzonanorte.com.mx\/wp-content\/uploads\/2024\/10\/WhatsApp-Image-2024-10-21-at-8.16.41-PM-scaled.jpeg 2560w, https:\/\/elobservadorzonanorte.com.mx\/wp-content\/uploads\/2024\/10\/WhatsApp-Image-2024-10-21-at-8.16.41-PM-768x512.jpeg 768w, https:\/\/elobservadorzonanorte.com.mx\/wp-content\/uploads\/2024\/10\/WhatsApp-Image-2024-10-21-at-8.16.41-PM-1536x1024.jpeg 1536w, https:\/\/elobservadorzonanorte.com.mx\/wp-content\/uploads\/2024\/10\/WhatsApp-Image-2024-10-21-at-8.16.41-PM-2048x1366.jpeg 2048w\" sizes=\"(max-width: 2560px) 100vw, 2560px\" \/><\/figure>\n\n\n\n<figure class=\"wp-block-image size-large\"><img decoding=\"async\" width=\"1600\" height=\"1066\" data-id=\"90548\" src=\"https:\/\/elobservadorzonanorte.com.mx\/wp-content\/uploads\/2024\/10\/WhatsApp-Image-2024-10-21-at-8.16.42-PM1.jpeg\" alt=\"\" class=\"wp-image-90548\" srcset=\"https:\/\/elobservadorzonanorte.com.mx\/wp-content\/uploads\/2024\/10\/WhatsApp-Image-2024-10-21-at-8.16.42-PM1.jpeg 1600w, https:\/\/elobservadorzonanorte.com.mx\/wp-content\/uploads\/2024\/10\/WhatsApp-Image-2024-10-21-at-8.16.42-PM1-768x512.jpeg 768w, https:\/\/elobservadorzonanorte.com.mx\/wp-content\/uploads\/2024\/10\/WhatsApp-Image-2024-10-21-at-8.16.42-PM1-1536x1023.jpeg 1536w\" sizes=\"(max-width: 1600px) 100vw, 1600px\" \/><\/figure>\n\n\n\n<figure class=\"wp-block-image size-large\"><img decoding=\"async\" width=\"2560\" height=\"1617\" data-id=\"90554\" src=\"https:\/\/elobservadorzonanorte.com.mx\/wp-content\/uploads\/2024\/10\/WhatsApp-Image-2024-10-21-at-8.16.42-PM2-scaled.jpeg\" alt=\"\" class=\"wp-image-90554\" srcset=\"https:\/\/elobservadorzonanorte.com.mx\/wp-content\/uploads\/2024\/10\/WhatsApp-Image-2024-10-21-at-8.16.42-PM2-scaled.jpeg 2560w, https:\/\/elobservadorzonanorte.com.mx\/wp-content\/uploads\/2024\/10\/WhatsApp-Image-2024-10-21-at-8.16.42-PM2-768x485.jpeg 768w, https:\/\/elobservadorzonanorte.com.mx\/wp-content\/uploads\/2024\/10\/WhatsApp-Image-2024-10-21-at-8.16.42-PM2-1536x970.jpeg 1536w, https:\/\/elobservadorzonanorte.com.mx\/wp-content\/uploads\/2024\/10\/WhatsApp-Image-2024-10-21-at-8.16.42-PM2-2048x1293.jpeg 2048w\" sizes=\"(max-width: 2560px) 100vw, 2560px\" \/><\/figure>\n\n\n\n<figure class=\"wp-block-image size-large\"><img decoding=\"async\" width=\"1600\" height=\"1066\" data-id=\"90551\" src=\"https:\/\/elobservadorzonanorte.com.mx\/wp-content\/uploads\/2024\/10\/WhatsApp-Image-2024-10-21-at-8.16.42-PM.jpeg\" alt=\"\" class=\"wp-image-90551\" srcset=\"https:\/\/elobservadorzonanorte.com.mx\/wp-content\/uploads\/2024\/10\/WhatsApp-Image-2024-10-21-at-8.16.42-PM.jpeg 1600w, https:\/\/elobservadorzonanorte.com.mx\/wp-content\/uploads\/2024\/10\/WhatsApp-Image-2024-10-21-at-8.16.42-PM-768x512.jpeg 768w, https:\/\/elobservadorzonanorte.com.mx\/wp-content\/uploads\/2024\/10\/WhatsApp-Image-2024-10-21-at-8.16.42-PM-1536x1023.jpeg 1536w\" sizes=\"(max-width: 1600px) 100vw, 1600px\" \/><\/figure>\n<\/figure>\n\n\n\n<p>*Toman protesta a las comisiones de Turismo; de Seguimiento a las Acciones de Procuraci\u00f3n de Justicia Vinculadas a los Feminicidios; del Caf\u00e9; del Trabajo; Previsi\u00f3n Social y Seguridad Social; Recursos Naturales, Bosques y Selvas.<\/p>\n\n\n\n<p>Tuxtla Guti\u00e9rrez, Chiapas; 21 de octubre de 2024.-Con fundamento en lo dispuesto por el art\u00edculo 129 p\u00e1rrafo primero de la Ley del Congreso del Estado, la diputada Erika Paola Mendoza <a><\/a>Salda\u00f1a instal\u00f3 los trabajos de la Comisi\u00f3n de Turismo de la Sexag\u00e9sima Novena Legislatura.<\/p>\n\n\n\n<p>En la Sala de Usos M\u00faltiples \u201cFidelia Brindis Camacho\u201d, la legisladora por el Partido Verde Ecologista de M\u00e9xico (PVEM) extern\u00f3 su opini\u00f3n respecto a las extensas posibilidades econ\u00f3micas, sociales y culturales de Chiapas. Su posici\u00f3n geogr\u00e1fica, variada orograf\u00eda y litoral, lo que representa -dijo- \u201cuna oportunidad para grandes proyectos de inversi\u00f3n y desarrollo en varios \u00e1mbitos\u201d.<\/p>\n\n\n\n<p>Agreg\u00f3 ante las y los invitados especiales, que en los \u00faltimos a\u00f1os el sector tur\u00edstico en Chiapas, ha demostrado ser un pilar econ\u00f3mico significativo para nuestro estado, al propiciar bienestar a sus diversos actores; desde los prestadores de servicios tur\u00edsticos, artesanos, cocineras tradicionales, agroproductores, conductores de transporte y a quienes participan tambi\u00e9n de manera indirecta.<\/p>\n\n\n\n<p>Participaron en la instalaci\u00f3n, las y los diputados integrantes de la Comisi\u00f3n de Turismo de la Sexag\u00e9sima Novena Legislatura: Erika Paola Mendoza Salda\u00f1a, Ferm\u00edn Hidalgo Gonz\u00e1lez Ram\u00edrez, Ana Mar\u00eda Sol\u00eds Ruiz, Marcela Castillo Atristain, Juan Salvador Camacho Velasco y Javier Jim\u00e9nez Jim\u00e9nez, quienes estuvieron acompa\u00f1ados por el diputado Luis Ignacio Avenda\u00f1o Berm\u00fadez presidente de la Mesa Directiva, as\u00ed como representantes del sector econ\u00f3mico, empresarial, hotelero y restaurantero.<\/p>\n\n\n\n<p>Continuando con los trabajos, la diputada Sahara Munira Jos\u00e9 Flores instal\u00f3 los trabajos de la Comisi\u00f3n de Seguimiento a las Acciones de Procuraci\u00f3n de Justicia Vinculadas a los feminicidios en Chiapas, por lo que tom\u00f3 la protesta de rigor a las y los diputados: Mar\u00eda Mandiola Totoricaguena, Valeria Santiago Barrientos, Jorge Luis Llaven Abarca, Selene Josefina S\u00e1nchez Cruz, Ana Mar\u00eda Sol\u00eds Ruiz y Mar\u00eda Isabel Rodr\u00edguez Jim\u00e9nez.<\/p>\n\n\n\n<p>En la declaratoria de instalaci\u00f3n conden\u00f3 la violencia contra las mujeres. Afortunadamente -enfatiz\u00f3- tenemos a la primera mujer presidenta de la naci\u00f3n, la doctora Claudia Sheinbaum Pardo, quien a pocos d\u00edas de su toma de protesta anunci\u00f3 un paquete de iniciativas de ley que tienen por objeto fortalecer las pol\u00edticas p\u00fablicas e institucionales, en favor del desarrollo de las mujeres, a favor del fortalecimiento de las pol\u00edticas establecidas que empoderen a las mujeres y a las ni\u00f1as.<\/p>\n\n\n\n<p>Continuando con el orden del d\u00eda, la diputada Maritza Molina Molina instal\u00f3 los trabajos de la Comisi\u00f3n de Caf\u00e9, donde se\u00f1al\u00f3: \u201cNuestra responsabilidad legislativa es crear el marco legal que permita que los productores, cient\u00edficos, tecnol\u00f3gicos y empresarios puedan trabajar juntos en la innovaci\u00f3n y el crecimiento sostenible de nuestro caf\u00e9\u201d.<\/p>\n\n\n\n<p>En la sala de usos m\u00faltiples \u201cFidelia Brindis Camacho\u201d ante empresarios, cafeticultores y representantes de organizaciones, tom\u00f3 la protesta de rigor a las y los diputados: Juan Manuel Utrilla Constantino, Abundio Peregrino Garc\u00eda, Freddy Escobar S\u00e1nchez, Jos\u00e9 Jes\u00fas Dom\u00ednguez Castellanos, Jos\u00e9 Uriel Estrada Mart\u00ednez e Ismael Brito Mazariegos, contando tambi\u00e9n con la presencia del diputado Luis Ignacio Avenda\u00f1o Berm\u00fadez, presidente de la Mesa Directiva.<\/p>\n\n\n\n<p>Es momento -enfatiz\u00f3 la legisladora por el PVEM- de impulsar estrategias para desarrollar de manera sostenible al sector cafetalero, capacitando, y as\u00ed lograr el fortalecimiento de la cadena de valor. Estamos comprometidos a legislar, impulsar las condiciones para fortalecer una nueva era para el caf\u00e9 en Chiapas, donde la innovaci\u00f3n, la ciencia y la tecnolog\u00eda, sirvan para elevar nuestro caf\u00e9 a los m\u00e1s altos est\u00e1ndares internacionales.<\/p>\n\n\n\n<p>La diputada Andrea Negr\u00f3n S\u00e1nchez reconoci\u00f3 el papel de las y los trabajadores, as\u00ed como el de los empleadores de Chiapas, quienes -dijo- hacen posible la prosperidad y desarrollo de nuestro estado.<\/p>\n\n\n\n<p>Lo anterior durante el acto protocolario de toma de protesta de la Comisi\u00f3n de Trabajo, Previsi\u00f3n Social y Seguridad Social, acto donde estuvo acompa\u00f1ada del diputado Mario Guill\u00e9n Guill\u00e9n, presidente de la Junta de Coordinaci\u00f3n Pol\u00edtica y los integrantes de dicho \u00f3rgano parlamentario, las y los diputados: Erwin Leonel P\u00e9rez Alfaro, Jorge Llaven Abarca, Javier Jim\u00e9nez Jim\u00e9nez, Rosalinda L\u00f3pez S\u00e1nchez, Mar\u00eda Isabel Rodr\u00edguez Jim\u00e9nez, as\u00ed como representantes de Canirac, Canacintra, Secci\u00f3n 40 de SNTE, IMSS, Junta local de Conciliaci\u00f3n y Arbitraje y las l\u00edderes sindicales de los trabajadores del Congreso del Estado, Maria Albores Trujillo y Guadalupe Constantino Flores, respectivamente.<\/p>\n\n\n\n<p>Ante los asistentes sostuvo: \u201cNos comprometemos a trabajar de la mano de nuestro pr\u00f3ximo gobernador, para generar planes de desarrollo que permitan cumplir sus peticiones. Sin m\u00e1s pre\u00e1mbulos, quiero asegurarles que estamos comprometidos en proteger y promover sus derechos, mejorar sus condiciones laborales y garantizar la justicia social\u201d.<\/p>\n\n\n\n<p>Como parte final de la agenda del d\u00eda, se instal\u00f3 la Comisi\u00f3n de Recursos Naturales, Bosques y Selvas que preside la diputada Jovannie Maricela Ibarra Gallardo, quien tom\u00f3 protesta a las y los diputados: Ana Karen Ruiz Couti\u00f1o, Alejandra G\u00f3mez Mendoza, Elvira Catalina Aguiar \u00c1lvarez, Jos\u00e9 \u00c1ngel del Valle Molina Juan Salvador Camacho Velasco.<\/p>\n\n\n\n<p>Participaron en el acto protocolario los invitados especiales: Mario Guill\u00e9n Guill\u00e9n, diputado presidente de la Junta de Coordinaci\u00f3n Pol\u00edtica, as\u00ed como la directora general de \u201cTierra Verde, Naturaleza y Cultura\u201d, Cinthia Reyes Arm\u00e1n; el director de la Procuradur\u00eda Ambiental del estado, Roberto C\u00e9sar Monterrosa L\u00f3pez; la secretaria de Medio Ambiente e Historia Natural, Mar\u00eda del Rosario Bonifaz Alfonso; y la subsecretaria de Agricultura, Ganader\u00eda y Pesca, Olga Madrigal D\u00edaz.<\/p>\n\n\n\n<p>Al hacer uso de la palabra, dijo: \u00abTraemos una nueva mirada para entender la relevancia de la biodiversidad de Chiapas. Sin lugar a dudas se requiere de trabajo multisectorial, multinivel, que permite enfrentar problemas como la expansi\u00f3n de las actividades econ\u00f3micas como la tala ilegal, el tr\u00e1fico de especies, la expansi\u00f3n no planificada de infraestructura y los efectos negativos del cambio clim\u00e1tico.<\/p>\n","protected":false},"excerpt":{"rendered":"<p>*Toman protesta a las comisiones de Turismo; de Seguimiento a las Acciones de Procuraci\u00f3n de Justicia Vinculadas a los Feminicidios; del Caf\u00e9; del Trabajo; Previsi\u00f3n Social y Seguridad Social; Recursos Naturales, Bosques y Selvas. Tuxtla Guti\u00e9rrez, Chiapas; 21 de octubre de 2024.-Con fundamento en lo dispuesto por el art\u00edculo 129 p\u00e1rrafo primero de la Ley [&hellip;]<\/p>\n","protected":false},"author":1,"featured_media":90550,"comment_status":"closed","ping_status":"closed","sticky":false,"template":"","format":"standard","meta":{"footnotes":""},"categories":[3],"tags":[],"class_list":["post-90545","post","type-post","status-publish","format-standard","has-post-thumbnail","hentry","category-estatal"],"_links":{"self":[{"href":"https:\/\/elobservadorzonanorte.com.mx\/index.php?rest_route=\/wp\/v2\/posts\/90545","targetHints":{"allow":["GET"]}}],"collection":[{"href":"https:\/\/elobservadorzonanorte.com.mx\/index.php?rest_route=\/wp\/v2\/posts"}],"about":[{"href":"https:\/\/elobservadorzonanorte.com.mx\/index.php?rest_route=\/wp\/v2\/types\/post"}],"author":[{"embeddable":true,"href":"https:\/\/elobservadorzonanorte.com.mx\/index.php?rest_route=\/wp\/v2\/users\/1"}],"replies":[{"embeddable":true,"href":"https:\/\/elobservadorzonanorte.com.mx\/index.php?rest_route=%2Fwp%2Fv2%2Fcomments&post=90545"}],"version-history":[{"count":0,"href":"https:\/\/elobservadorzonanorte.com.mx\/index.php?rest_route=\/wp\/v2\/posts\/90545\/revisions"}],"wp:featuredmedia":[{"embeddable":true,"href":"https:\/\/elobservadorzonanorte.com.mx\/index.php?rest_route=\/wp\/v2\/media\/90550"}],"wp:attachment":[{"href":"https:\/\/elobservadorzonanorte.com.mx\/index.php?rest_route=%2Fwp%2Fv2%2Fmedia&parent=90545"}],"wp:term":[{"taxonomy":"category","embeddable":true,"href":"https:\/\/elobservadorzonanorte.com.mx\/index.php?rest_route=%2Fwp%2Fv2%2Fcategories&post=90545"},{"taxonomy":"post_tag","embeddable":true,"href":"https:\/\/elobservadorzonanorte.com.mx\/index.php?rest_route=%2Fwp%2Fv2%2Ftags&post=90545"}],"curies":[{"name":"wp","href":"https:\/\/api.w.org\/{rel}","templated":true}]}}