{"id":90527,"date":"2024-10-22T03:18:33","date_gmt":"2024-10-22T03:18:33","guid":{"rendered":"https:\/\/elobservadorzonanorte.com.mx\/?p=90527"},"modified":"2024-10-22T03:18:34","modified_gmt":"2024-10-22T03:18:34","slug":"el-alcalde-andres-carballo-cordova-esta-trabajando-incansablemente-para-apoyar-a-las-familias-afectadas-por-el-frente-frio-numero-4-en-pichucalco","status":"publish","type":"post","link":"https:\/\/elobservadorzonanorte.com.mx\/?p=90527","title":{"rendered":"El alcalde Andr\u00e9s Carballo C\u00f3rdova est\u00e1 trabajando incansablemente para apoyar a las familias afectadas por el Frente Fr\u00edo N\u00famero 4 en Pichucalco"},"content":{"rendered":"\n<figure class=\"wp-block-image size-full\"><img decoding=\"async\" width=\"600\" height=\"338\" src=\"https:\/\/elobservadorzonanorte.com.mx\/wp-content\/uploads\/2024\/10\/464239818_2827782400724070_8930402698901074423_n.jpg\" alt=\"\" class=\"wp-image-90530\"\/><\/figure>\n\n\n\n<figure class=\"wp-block-image size-full\"><img decoding=\"async\" width=\"600\" height=\"338\" src=\"https:\/\/elobservadorzonanorte.com.mx\/wp-content\/uploads\/2024\/10\/464236283_2827782224057421_2121139796054014285_n.jpg\" alt=\"\" class=\"wp-image-90529\"\/><\/figure>\n\n\n\n<figure class=\"wp-block-image size-full\"><img decoding=\"async\" width=\"600\" height=\"338\" src=\"https:\/\/elobservadorzonanorte.com.mx\/wp-content\/uploads\/2024\/10\/464216094_2827782004057443_5995116548827607375_n.jpg\" alt=\"\" class=\"wp-image-90528\"\/><\/figure>\n\n\n\n<p>Junto con diferentes \u00f3rdenes de gobierno, ha desplegado unidades de la Secretar\u00eda de Protecci\u00f3n Civil para llevar ayuda a las comunidades de la zona baja que resultaron afectadas.<\/p>\n\n\n\n<p>Gracias a estas acciones, se est\u00e1n proporcionando recursos esenciales a aquellos que m\u00e1s lo necesitan. El alcalde Carballo C\u00f3rdova ha expresado su <a><\/a>gratitud hacia la ciudadan\u00eda y los distintos \u00f3rdenes de gobierno por el apoyo.<\/p>\n\n\n\n<p>La respuesta r\u00e1pida y efectiva del gobierno municipal y otros \u00f3rganos de ayuda es crucial para mitigar los efectos del frente fr\u00edo y proteger a la poblaci\u00f3n.<\/p>\n\n\n\n<p>\u00a1Acciones que Contribuyen al Cambio!<\/p>\n\n\n\n<p><a href=\"https:\/\/www.facebook.com\/andrescarballocordova?__cft__[0]=AZU8Slg_ZveSDpTZ_shUG6Jj_WVZkkGZQTz_3FbOLNdBMo_FWkPQR600ofXR0uCGeD-7q8ffsTtmeBuX_pswD85OuVHKFcpW76SkXn1V5xI35YJRhDRziui7odmBNjIkqjpwmuvwl5qC7Uip3wOxHgUnGoM170iJZGi5HS1o7ykv8UIEqkRf-gVQF3Ox1HkZD02ui9a7EcVvHgw6HJu2cS0X&amp;__tn__=-]K-R\" target=\"_blank\" rel=\"noopener\">Andres Carballo Cordova<\/a><\/p>\n\n\n\n<p><a href=\"https:\/\/www.facebook.com\/carballocordovaandres?__cft__[0]=AZU8Slg_ZveSDpTZ_shUG6Jj_WVZkkGZQTz_3FbOLNdBMo_FWkPQR600ofXR0uCGeD-7q8ffsTtmeBuX_pswD85OuVHKFcpW76SkXn1V5xI35YJRhDRziui7odmBNjIkqjpwmuvwl5qC7Uip3wOxHgUnGoM170iJZGi5HS1o7ykv8UIEqkRf-gVQF3Ox1HkZD02ui9a7EcVvHgw6HJu2cS0X&amp;__tn__=-]K-R\" target=\"_blank\" rel=\"noopener\">Andr\u00e9s Carballo C\u00f3rdova<\/a><\/p>\n","protected":false},"excerpt":{"rendered":"<p>Junto con diferentes \u00f3rdenes de gobierno, ha desplegado unidades de la Secretar\u00eda de Protecci\u00f3n Civil para llevar ayuda a las comunidades de la zona baja que resultaron afectadas. Gracias a estas acciones, se est\u00e1n proporcionando recursos esenciales a aquellos que m\u00e1s lo necesitan. El alcalde Carballo C\u00f3rdova ha expresado su gratitud hacia la ciudadan\u00eda y [&hellip;]<\/p>\n","protected":false},"author":1,"featured_media":90530,"comment_status":"closed","ping_status":"closed","sticky":false,"template":"","format":"standard","meta":{"footnotes":""},"categories":[3],"tags":[],"class_list":["post-90527","post","type-post","status-publish","format-standard","has-post-thumbnail","hentry","category-estatal"],"_links":{"self":[{"href":"https:\/\/elobservadorzonanorte.com.mx\/index.php?rest_route=\/wp\/v2\/posts\/90527","targetHints":{"allow":["GET"]}}],"collection":[{"href":"https:\/\/elobservadorzonanorte.com.mx\/index.php?rest_route=\/wp\/v2\/posts"}],"about":[{"href":"https:\/\/elobservadorzonanorte.com.mx\/index.php?rest_route=\/wp\/v2\/types\/post"}],"author":[{"embeddable":true,"href":"https:\/\/elobservadorzonanorte.com.mx\/index.php?rest_route=\/wp\/v2\/users\/1"}],"replies":[{"embeddable":true,"href":"https:\/\/elobservadorzonanorte.com.mx\/index.php?rest_route=%2Fwp%2Fv2%2Fcomments&post=90527"}],"version-history":[{"count":0,"href":"https:\/\/elobservadorzonanorte.com.mx\/index.php?rest_route=\/wp\/v2\/posts\/90527\/revisions"}],"wp:featuredmedia":[{"embeddable":true,"href":"https:\/\/elobservadorzonanorte.com.mx\/index.php?rest_route=\/wp\/v2\/media\/90530"}],"wp:attachment":[{"href":"https:\/\/elobservadorzonanorte.com.mx\/index.php?rest_route=%2Fwp%2Fv2%2Fmedia&parent=90527"}],"wp:term":[{"taxonomy":"category","embeddable":true,"href":"https:\/\/elobservadorzonanorte.com.mx\/index.php?rest_route=%2Fwp%2Fv2%2Fcategories&post=90527"},{"taxonomy":"post_tag","embeddable":true,"href":"https:\/\/elobservadorzonanorte.com.mx\/index.php?rest_route=%2Fwp%2Fv2%2Ftags&post=90527"}],"curies":[{"name":"wp","href":"https:\/\/api.w.org\/{rel}","templated":true}]}}