{"id":90473,"date":"2024-10-22T03:14:41","date_gmt":"2024-10-22T03:14:41","guid":{"rendered":"https:\/\/elobservadorzonanorte.com.mx\/?p=90473"},"modified":"2024-10-22T03:14:41","modified_gmt":"2024-10-22T03:14:41","slug":"homicidio-del-padre-marcelo-perez-no-quedara-impune-y-responsables-enfrentaran-la-justicia-rutilio-escandon","status":"publish","type":"post","link":"https:\/\/elobservadorzonanorte.com.mx\/?p=90473","title":{"rendered":"*Homicidio del padre Marcelo P\u00e9rez no quedar\u00e1 impune y responsables enfrentar\u00e1n la justicia: Rutilio Escand\u00f3n*"},"content":{"rendered":"\n<figure class=\"wp-block-gallery has-nested-images columns-default is-cropped wp-block-gallery-1 is-layout-flex wp-block-gallery-is-layout-flex\">\n<figure class=\"wp-block-image size-large\"><img decoding=\"async\" width=\"2560\" height=\"1707\" data-id=\"90476\" src=\"https:\/\/elobservadorzonanorte.com.mx\/wp-content\/uploads\/2024\/10\/WhatsApp-Image-2024-10-21-at-6.28.35-PM1-scaled.jpeg\" alt=\"\" class=\"wp-image-90476\" srcset=\"https:\/\/elobservadorzonanorte.com.mx\/wp-content\/uploads\/2024\/10\/WhatsApp-Image-2024-10-21-at-6.28.35-PM1-scaled.jpeg 2560w, https:\/\/elobservadorzonanorte.com.mx\/wp-content\/uploads\/2024\/10\/WhatsApp-Image-2024-10-21-at-6.28.35-PM1-768x512.jpeg 768w, https:\/\/elobservadorzonanorte.com.mx\/wp-content\/uploads\/2024\/10\/WhatsApp-Image-2024-10-21-at-6.28.35-PM1-1536x1024.jpeg 1536w, https:\/\/elobservadorzonanorte.com.mx\/wp-content\/uploads\/2024\/10\/WhatsApp-Image-2024-10-21-at-6.28.35-PM1-2048x1366.jpeg 2048w\" sizes=\"(max-width: 2560px) 100vw, 2560px\" \/><\/figure>\n\n\n\n<figure class=\"wp-block-image size-large\"><img decoding=\"async\" width=\"2560\" height=\"1300\" data-id=\"90480\" src=\"https:\/\/elobservadorzonanorte.com.mx\/wp-content\/uploads\/2024\/10\/WhatsApp-Image-2024-10-21-at-6.28.35-PM-scaled.jpeg\" alt=\"\" class=\"wp-image-90480\" srcset=\"https:\/\/elobservadorzonanorte.com.mx\/wp-content\/uploads\/2024\/10\/WhatsApp-Image-2024-10-21-at-6.28.35-PM-scaled.jpeg 2560w, https:\/\/elobservadorzonanorte.com.mx\/wp-content\/uploads\/2024\/10\/WhatsApp-Image-2024-10-21-at-6.28.35-PM-768x390.jpeg 768w, https:\/\/elobservadorzonanorte.com.mx\/wp-content\/uploads\/2024\/10\/WhatsApp-Image-2024-10-21-at-6.28.35-PM-1536x780.jpeg 1536w, https:\/\/elobservadorzonanorte.com.mx\/wp-content\/uploads\/2024\/10\/WhatsApp-Image-2024-10-21-at-6.28.35-PM-2048x1040.jpeg 2048w\" sizes=\"(max-width: 2560px) 100vw, 2560px\" \/><\/figure>\n\n\n\n<figure class=\"wp-block-image size-large\"><img decoding=\"async\" width=\"2560\" height=\"1438\" data-id=\"90478\" src=\"https:\/\/elobservadorzonanorte.com.mx\/wp-content\/uploads\/2024\/10\/WhatsApp-Image-2024-10-21-at-6.28.36-PM-scaled.jpeg\" alt=\"\" class=\"wp-image-90478\" srcset=\"https:\/\/elobservadorzonanorte.com.mx\/wp-content\/uploads\/2024\/10\/WhatsApp-Image-2024-10-21-at-6.28.36-PM-scaled.jpeg 2560w, https:\/\/elobservadorzonanorte.com.mx\/wp-content\/uploads\/2024\/10\/WhatsApp-Image-2024-10-21-at-6.28.36-PM-768x431.jpeg 768w, https:\/\/elobservadorzonanorte.com.mx\/wp-content\/uploads\/2024\/10\/WhatsApp-Image-2024-10-21-at-6.28.36-PM-1536x863.jpeg 1536w, https:\/\/elobservadorzonanorte.com.mx\/wp-content\/uploads\/2024\/10\/WhatsApp-Image-2024-10-21-at-6.28.36-PM-2048x1150.jpeg 2048w\" sizes=\"(max-width: 2560px) 100vw, 2560px\" \/><\/figure>\n\n\n\n<figure class=\"wp-block-image size-large\"><img decoding=\"async\" width=\"2560\" height=\"1707\" data-id=\"90479\" src=\"https:\/\/elobservadorzonanorte.com.mx\/wp-content\/uploads\/2024\/10\/WhatsApp-Image-2024-10-21-at-6.28.37-PM-scaled.jpeg\" alt=\"\" class=\"wp-image-90479\" srcset=\"https:\/\/elobservadorzonanorte.com.mx\/wp-content\/uploads\/2024\/10\/WhatsApp-Image-2024-10-21-at-6.28.37-PM-scaled.jpeg 2560w, https:\/\/elobservadorzonanorte.com.mx\/wp-content\/uploads\/2024\/10\/WhatsApp-Image-2024-10-21-at-6.28.37-PM-768x512.jpeg 768w, https:\/\/elobservadorzonanorte.com.mx\/wp-content\/uploads\/2024\/10\/WhatsApp-Image-2024-10-21-at-6.28.37-PM-1536x1024.jpeg 1536w, https:\/\/elobservadorzonanorte.com.mx\/wp-content\/uploads\/2024\/10\/WhatsApp-Image-2024-10-21-at-6.28.37-PM-2048x1366.jpeg 2048w\" sizes=\"(max-width: 2560px) 100vw, 2560px\" \/><\/figure>\n\n\n\n<figure class=\"wp-block-image size-large\"><img decoding=\"async\" width=\"2560\" height=\"1569\" data-id=\"90481\" src=\"https:\/\/elobservadorzonanorte.com.mx\/wp-content\/uploads\/2024\/10\/WhatsApp-Image-2024-10-21-at-6.28.38-PM1-scaled.jpeg\" alt=\"\" class=\"wp-image-90481\" srcset=\"https:\/\/elobservadorzonanorte.com.mx\/wp-content\/uploads\/2024\/10\/WhatsApp-Image-2024-10-21-at-6.28.38-PM1-scaled.jpeg 2560w, https:\/\/elobservadorzonanorte.com.mx\/wp-content\/uploads\/2024\/10\/WhatsApp-Image-2024-10-21-at-6.28.38-PM1-768x471.jpeg 768w, https:\/\/elobservadorzonanorte.com.mx\/wp-content\/uploads\/2024\/10\/WhatsApp-Image-2024-10-21-at-6.28.38-PM1-1536x942.jpeg 1536w, https:\/\/elobservadorzonanorte.com.mx\/wp-content\/uploads\/2024\/10\/WhatsApp-Image-2024-10-21-at-6.28.38-PM1-2048x1255.jpeg 2048w\" sizes=\"(max-width: 2560px) 100vw, 2560px\" \/><\/figure>\n\n\n\n<figure class=\"wp-block-image size-large\"><img decoding=\"async\" width=\"2560\" height=\"1707\" data-id=\"90474\" src=\"https:\/\/elobservadorzonanorte.com.mx\/wp-content\/uploads\/2024\/10\/WhatsApp-Image-2024-10-21-at-6.28.38-PM2-scaled.jpeg\" alt=\"\" class=\"wp-image-90474\" srcset=\"https:\/\/elobservadorzonanorte.com.mx\/wp-content\/uploads\/2024\/10\/WhatsApp-Image-2024-10-21-at-6.28.38-PM2-scaled.jpeg 2560w, https:\/\/elobservadorzonanorte.com.mx\/wp-content\/uploads\/2024\/10\/WhatsApp-Image-2024-10-21-at-6.28.38-PM2-768x512.jpeg 768w, https:\/\/elobservadorzonanorte.com.mx\/wp-content\/uploads\/2024\/10\/WhatsApp-Image-2024-10-21-at-6.28.38-PM2-1536x1024.jpeg 1536w, https:\/\/elobservadorzonanorte.com.mx\/wp-content\/uploads\/2024\/10\/WhatsApp-Image-2024-10-21-at-6.28.38-PM2-2048x1366.jpeg 2048w\" sizes=\"(max-width: 2560px) 100vw, 2560px\" \/><\/figure>\n\n\n\n<figure class=\"wp-block-image size-large\"><img decoding=\"async\" width=\"2560\" height=\"1707\" data-id=\"90475\" src=\"https:\/\/elobservadorzonanorte.com.mx\/wp-content\/uploads\/2024\/10\/WhatsApp-Image-2024-10-21-at-6.28.38-PM3-scaled.jpeg\" alt=\"\" class=\"wp-image-90475\" srcset=\"https:\/\/elobservadorzonanorte.com.mx\/wp-content\/uploads\/2024\/10\/WhatsApp-Image-2024-10-21-at-6.28.38-PM3-scaled.jpeg 2560w, https:\/\/elobservadorzonanorte.com.mx\/wp-content\/uploads\/2024\/10\/WhatsApp-Image-2024-10-21-at-6.28.38-PM3-768x512.jpeg 768w, https:\/\/elobservadorzonanorte.com.mx\/wp-content\/uploads\/2024\/10\/WhatsApp-Image-2024-10-21-at-6.28.38-PM3-1536x1024.jpeg 1536w, https:\/\/elobservadorzonanorte.com.mx\/wp-content\/uploads\/2024\/10\/WhatsApp-Image-2024-10-21-at-6.28.38-PM3-2048x1366.jpeg 2048w\" sizes=\"(max-width: 2560px) 100vw, 2560px\" \/><\/figure>\n\n\n\n<figure class=\"wp-block-image size-large\"><img decoding=\"async\" width=\"2560\" height=\"1707\" data-id=\"90477\" src=\"https:\/\/elobservadorzonanorte.com.mx\/wp-content\/uploads\/2024\/10\/WhatsApp-Image-2024-10-21-at-6.28.38-PM4-scaled.jpeg\" alt=\"\" class=\"wp-image-90477\" srcset=\"https:\/\/elobservadorzonanorte.com.mx\/wp-content\/uploads\/2024\/10\/WhatsApp-Image-2024-10-21-at-6.28.38-PM4-scaled.jpeg 2560w, https:\/\/elobservadorzonanorte.com.mx\/wp-content\/uploads\/2024\/10\/WhatsApp-Image-2024-10-21-at-6.28.38-PM4-768x512.jpeg 768w, https:\/\/elobservadorzonanorte.com.mx\/wp-content\/uploads\/2024\/10\/WhatsApp-Image-2024-10-21-at-6.28.38-PM4-1536x1024.jpeg 1536w, https:\/\/elobservadorzonanorte.com.mx\/wp-content\/uploads\/2024\/10\/WhatsApp-Image-2024-10-21-at-6.28.38-PM4-2048x1366.jpeg 2048w\" sizes=\"(max-width: 2560px) 100vw, 2560px\" \/><\/figure>\n\n\n\n<figure class=\"wp-block-image size-large\"><img decoding=\"async\" width=\"2560\" height=\"1438\" data-id=\"90485\" src=\"https:\/\/elobservadorzonanorte.com.mx\/wp-content\/uploads\/2024\/10\/WhatsApp-Image-2024-10-21-at-6.28.38-PM-scaled.jpeg\" alt=\"\" class=\"wp-image-90485\" srcset=\"https:\/\/elobservadorzonanorte.com.mx\/wp-content\/uploads\/2024\/10\/WhatsApp-Image-2024-10-21-at-6.28.38-PM-scaled.jpeg 2560w, https:\/\/elobservadorzonanorte.com.mx\/wp-content\/uploads\/2024\/10\/WhatsApp-Image-2024-10-21-at-6.28.38-PM-768x431.jpeg 768w, https:\/\/elobservadorzonanorte.com.mx\/wp-content\/uploads\/2024\/10\/WhatsApp-Image-2024-10-21-at-6.28.38-PM-1536x863.jpeg 1536w, https:\/\/elobservadorzonanorte.com.mx\/wp-content\/uploads\/2024\/10\/WhatsApp-Image-2024-10-21-at-6.28.38-PM-2048x1150.jpeg 2048w\" sizes=\"(max-width: 2560px) 100vw, 2560px\" \/><\/figure>\n\n\n\n<figure class=\"wp-block-image size-large\"><img decoding=\"async\" width=\"2560\" height=\"1281\" data-id=\"90484\" src=\"https:\/\/elobservadorzonanorte.com.mx\/wp-content\/uploads\/2024\/10\/WhatsApp-Image-2024-10-21-at-6.28.40-PM-scaled.jpeg\" alt=\"\" class=\"wp-image-90484\" srcset=\"https:\/\/elobservadorzonanorte.com.mx\/wp-content\/uploads\/2024\/10\/WhatsApp-Image-2024-10-21-at-6.28.40-PM-scaled.jpeg 2560w, https:\/\/elobservadorzonanorte.com.mx\/wp-content\/uploads\/2024\/10\/WhatsApp-Image-2024-10-21-at-6.28.40-PM-768x384.jpeg 768w, https:\/\/elobservadorzonanorte.com.mx\/wp-content\/uploads\/2024\/10\/WhatsApp-Image-2024-10-21-at-6.28.40-PM-1536x769.jpeg 1536w, https:\/\/elobservadorzonanorte.com.mx\/wp-content\/uploads\/2024\/10\/WhatsApp-Image-2024-10-21-at-6.28.40-PM-2048x1025.jpeg 2048w\" sizes=\"(max-width: 2560px) 100vw, 2560px\" \/><\/figure>\n\n\n\n<figure class=\"wp-block-image size-large\"><img decoding=\"async\" width=\"2560\" height=\"1644\" data-id=\"90487\" src=\"https:\/\/elobservadorzonanorte.com.mx\/wp-content\/uploads\/2024\/10\/WhatsApp-Image-2024-10-21-at-6.28.41-PM1-scaled.jpeg\" alt=\"\" class=\"wp-image-90487\" srcset=\"https:\/\/elobservadorzonanorte.com.mx\/wp-content\/uploads\/2024\/10\/WhatsApp-Image-2024-10-21-at-6.28.41-PM1-scaled.jpeg 2560w, https:\/\/elobservadorzonanorte.com.mx\/wp-content\/uploads\/2024\/10\/WhatsApp-Image-2024-10-21-at-6.28.41-PM1-768x493.jpeg 768w, https:\/\/elobservadorzonanorte.com.mx\/wp-content\/uploads\/2024\/10\/WhatsApp-Image-2024-10-21-at-6.28.41-PM1-1536x987.jpeg 1536w, https:\/\/elobservadorzonanorte.com.mx\/wp-content\/uploads\/2024\/10\/WhatsApp-Image-2024-10-21-at-6.28.41-PM1-2048x1315.jpeg 2048w\" sizes=\"(max-width: 2560px) 100vw, 2560px\" \/><\/figure>\n\n\n\n<figure class=\"wp-block-image size-large\"><img decoding=\"async\" width=\"2560\" height=\"1707\" data-id=\"90482\" src=\"https:\/\/elobservadorzonanorte.com.mx\/wp-content\/uploads\/2024\/10\/WhatsApp-Image-2024-10-21-at-6.28.41-PM-scaled.jpeg\" alt=\"\" class=\"wp-image-90482\" srcset=\"https:\/\/elobservadorzonanorte.com.mx\/wp-content\/uploads\/2024\/10\/WhatsApp-Image-2024-10-21-at-6.28.41-PM-scaled.jpeg 2560w, https:\/\/elobservadorzonanorte.com.mx\/wp-content\/uploads\/2024\/10\/WhatsApp-Image-2024-10-21-at-6.28.41-PM-768x512.jpeg 768w, https:\/\/elobservadorzonanorte.com.mx\/wp-content\/uploads\/2024\/10\/WhatsApp-Image-2024-10-21-at-6.28.41-PM-1536x1024.jpeg 1536w, https:\/\/elobservadorzonanorte.com.mx\/wp-content\/uploads\/2024\/10\/WhatsApp-Image-2024-10-21-at-6.28.41-PM-2048x1366.jpeg 2048w\" sizes=\"(max-width: 2560px) 100vw, 2560px\" \/><\/figure>\n\n\n\n<figure class=\"wp-block-image size-large\"><img decoding=\"async\" width=\"2560\" height=\"1353\" data-id=\"90488\" src=\"https:\/\/elobservadorzonanorte.com.mx\/wp-content\/uploads\/2024\/10\/WhatsApp-Image-2024-10-21-at-6.28.44-PM-scaled.jpeg\" alt=\"\" class=\"wp-image-90488\" srcset=\"https:\/\/elobservadorzonanorte.com.mx\/wp-content\/uploads\/2024\/10\/WhatsApp-Image-2024-10-21-at-6.28.44-PM-scaled.jpeg 2560w, https:\/\/elobservadorzonanorte.com.mx\/wp-content\/uploads\/2024\/10\/WhatsApp-Image-2024-10-21-at-6.28.44-PM-768x406.jpeg 768w, https:\/\/elobservadorzonanorte.com.mx\/wp-content\/uploads\/2024\/10\/WhatsApp-Image-2024-10-21-at-6.28.44-PM-1536x812.jpeg 1536w, https:\/\/elobservadorzonanorte.com.mx\/wp-content\/uploads\/2024\/10\/WhatsApp-Image-2024-10-21-at-6.28.44-PM-2048x1082.jpeg 2048w\" sizes=\"(max-width: 2560px) 100vw, 2560px\" \/><\/figure>\n\n\n\n<figure class=\"wp-block-image size-large\"><img decoding=\"async\" width=\"1280\" height=\"853\" data-id=\"90483\" src=\"https:\/\/elobservadorzonanorte.com.mx\/wp-content\/uploads\/2024\/10\/WhatsApp-Image-2024-10-21-at-6.28.48-PM.jpeg\" alt=\"\" class=\"wp-image-90483\" srcset=\"https:\/\/elobservadorzonanorte.com.mx\/wp-content\/uploads\/2024\/10\/WhatsApp-Image-2024-10-21-at-6.28.48-PM.jpeg 1280w, https:\/\/elobservadorzonanorte.com.mx\/wp-content\/uploads\/2024\/10\/WhatsApp-Image-2024-10-21-at-6.28.48-PM-768x512.jpeg 768w\" sizes=\"(max-width: 1280px) 100vw, 1280px\" \/><\/figure>\n\n\n\n<figure class=\"wp-block-image size-large\"><img decoding=\"async\" width=\"1280\" height=\"853\" data-id=\"90486\" src=\"https:\/\/elobservadorzonanorte.com.mx\/wp-content\/uploads\/2024\/10\/WhatsApp-Image-2024-10-21-at-6.28.50-PM.jpeg\" alt=\"\" class=\"wp-image-90486\" srcset=\"https:\/\/elobservadorzonanorte.com.mx\/wp-content\/uploads\/2024\/10\/WhatsApp-Image-2024-10-21-at-6.28.50-PM.jpeg 1280w, https:\/\/elobservadorzonanorte.com.mx\/wp-content\/uploads\/2024\/10\/WhatsApp-Image-2024-10-21-at-6.28.50-PM-768x512.jpeg 768w\" sizes=\"(max-width: 1280px) 100vw, 1280px\" \/><\/figure>\n<\/figure>\n\n\n\n<p>\u2022 El gobernador dijo que las instituciones del Poder Ejecutivo van a cooperar con el Poder Judicial y las autoridades de procuraci\u00f3n de justicia para esclarecer los hechos<\/p>\n\n\n\n<p>\u2022 Sostuvo que se ha realizado una evaluaci\u00f3n de las afectaciones por las lluvias de los \u00faltimos d\u00edas; afortunadamente, no se registraron tantos da\u00f1os a la poblaci\u00f3n<\/p>\n\n\n\n<p>\u2022 <a><\/a>Reiter\u00f3 el llamado a las alcaldesas y los alcaldes a sumarse a las Mesas de Seguridad, a fin de fortalecer la paz y el bienestar de sus municipios<\/p>\n\n\n\n<p>En el marco de la Mesa de Coordinaci\u00f3n Estatal para la Construcci\u00f3n de la Paz y la Seguridad, el gobernador Rutilio Escand\u00f3n Cadenas enfatiz\u00f3 su condena por el lamentable homicidio del sacerdote Marcelo P\u00e9rez P\u00e9rez, al tiempo de destacar que, desde el primer momento de los hechos, se iniciaron las investigaciones con el objetivo de que este acontecimiento no quede impune y los responsables enfrenten la justicia y se aplique todo el peso de la ley.<\/p>\n\n\n\n<p>Subray\u00f3 que las instituciones del Poder Ejecutivo van a cooperar en todo lo que sea necesario y estar\u00e1n muy atentas de colaborar con el Poder Judicial y todas las autoridades de Procuraci\u00f3n de Justicia para que se esclarezcan estos hechos.<\/p>\n\n\n\n<p>\u201cDesde ayer instruimos a la Secretar\u00eda de Seguridad y Protecci\u00f3n Ciudadana que se sumara a las fiscal\u00edas, al Grupo Interdisciplinario de Investigaci\u00f3n sobre el homicidio del padre Marcelo P\u00e9rez. Estoy seguro de que pronto vamos a tener resultados porque nadie debe quedar fuera del Estado de Derecho y de la aplicaci\u00f3n de las normas que sancionan estas conductas repudiables\u201d, expres\u00f3.<\/p>\n\n\n\n<p>El gobernador sostuvo que todas las instituciones del estado van a estar al pendiente de este caso: \u201cLe decimos al pueblo de Chiapas que este homicidio, como muchos otros, se castigar\u00e1n con todo el peso de la ley. La justicia pronto llegar\u00e1 porque se est\u00e1 trabajando en una investigaci\u00f3n exhaustiva y no vamos a permitir este tipo de violencias en la entidad\u201d.<\/p>\n\n\n\n<p>En otro momento, el mandatario dio a conocer que se ha hecho una evaluaci\u00f3n y un recuento de las afectaciones por las lluvias intensas de los \u00faltimos d\u00edas y, afortunadamente, no se registraron tantos da\u00f1os a la poblaci\u00f3n, gracias a las acciones preventivas y al trabajo oportuno de las instituciones. Record\u00f3 que en el 2020 se present\u00f3 la misma cantidad de lluvias y gener\u00f3 muchos desastres materiales y p\u00e9rdidas de vidas humanas.<\/p>\n\n\n\n<p>Exhort\u00f3 a las y los chiapanecos a que, en caso de estar en alguna situaci\u00f3n de riesgo por lluvias, acudan a los refugios temporales m\u00e1s cercanos, donde se cuenta con todo lo necesario para brindarles atenci\u00f3n integral.<\/p>\n\n\n\n<p>Asimismo, indic\u00f3 que los importantes avances demuestran que el trabajo conjunto en materia de Seguridad y Protecci\u00f3n Civil est\u00e1 dando buenos resultados, no obstante, invit\u00f3 a los Ayuntamientos a no bajar la guardia y no hacer caso omiso a las acciones preventivas y de capacitaci\u00f3n que se han establecido en materia de protecci\u00f3n civil para que el pueblo de Chiapas siga siendo resiliente.<\/p>\n\n\n\n<p>\u201cAunque hemos crecido en capacitaci\u00f3n sobre protecci\u00f3n civil, vamos a insistir en este rubro porque nos ayuda a reducir riesgos. Chiapas es una entidad con una gran belleza natural y cultural, pero tiene la caracter\u00edstica de que sufre mucho por los fen\u00f3menos naturales. En estos seis a\u00f1os hemos registrado las lluvias m\u00e1s fuertes de la historia de nuestro estado, pero hemos tenido menos da\u00f1os materiales y a la poblaci\u00f3n\u201d, apunt\u00f3.<\/p>\n\n\n\n<p>Escand\u00f3n Cadenas reiter\u00f3 la convocatoria a las alcaldesas y los alcaldes a sumarse a las Mesas Regionales de Seguridad, para hacer causa com\u00fan en la identificaci\u00f3n y el an\u00e1lisis de los acontecimientos m\u00e1s relevantes, y dise\u00f1ar las estrategias que abonen a la tranquilidad y al bienestar de sus municipios.<\/p>\n\n\n\n<p>Explic\u00f3 que antes estas reuniones no se daban, pero ahora son cada 24 horas, porque es parte de las iniciativas de trabajar de manera responsable, comprometida y cercana al pueblo, por ello, pidi\u00f3 respetuosamente a las autoridades de los ayuntamientos que participen para que, en conjunto, implementen estrategias a favor de la gente.<\/p>\n\n\n\n<p>\u201cEl mejor ejemplo que tenemos fue el del presidente Andr\u00e9s Manuel L\u00f3pez Obrador, y ahora con nuestra presidenta de la Rep\u00fablica, Claudia Sheinbaum, quien todos los d\u00edas est\u00e1 frente a la Mesa de Seguridad, lo que demuestra su compromiso con M\u00e9xico. Nosotros no nos podemos quedar atr\u00e1s, porque gobernar es estar pendiente y hacer frente a las necesidades m\u00e1s urgentes del pueblo\u201d, concluy\u00f3.<\/p>\n","protected":false},"excerpt":{"rendered":"<p>\u2022 El gobernador dijo que las instituciones del Poder Ejecutivo van a cooperar con el Poder Judicial y las autoridades de procuraci\u00f3n de justicia para esclarecer los hechos \u2022 Sostuvo que se ha realizado una evaluaci\u00f3n de las afectaciones por las lluvias de los \u00faltimos d\u00edas; afortunadamente, no se registraron tantos da\u00f1os a la poblaci\u00f3n [&hellip;]<\/p>\n","protected":false},"author":1,"featured_media":90475,"comment_status":"closed","ping_status":"closed","sticky":false,"template":"","format":"standard","meta":{"footnotes":""},"categories":[3],"tags":[],"class_list":["post-90473","post","type-post","status-publish","format-standard","has-post-thumbnail","hentry","category-estatal"],"_links":{"self":[{"href":"https:\/\/elobservadorzonanorte.com.mx\/index.php?rest_route=\/wp\/v2\/posts\/90473","targetHints":{"allow":["GET"]}}],"collection":[{"href":"https:\/\/elobservadorzonanorte.com.mx\/index.php?rest_route=\/wp\/v2\/posts"}],"about":[{"href":"https:\/\/elobservadorzonanorte.com.mx\/index.php?rest_route=\/wp\/v2\/types\/post"}],"author":[{"embeddable":true,"href":"https:\/\/elobservadorzonanorte.com.mx\/index.php?rest_route=\/wp\/v2\/users\/1"}],"replies":[{"embeddable":true,"href":"https:\/\/elobservadorzonanorte.com.mx\/index.php?rest_route=%2Fwp%2Fv2%2Fcomments&post=90473"}],"version-history":[{"count":0,"href":"https:\/\/elobservadorzonanorte.com.mx\/index.php?rest_route=\/wp\/v2\/posts\/90473\/revisions"}],"wp:featuredmedia":[{"embeddable":true,"href":"https:\/\/elobservadorzonanorte.com.mx\/index.php?rest_route=\/wp\/v2\/media\/90475"}],"wp:attachment":[{"href":"https:\/\/elobservadorzonanorte.com.mx\/index.php?rest_route=%2Fwp%2Fv2%2Fmedia&parent=90473"}],"wp:term":[{"taxonomy":"category","embeddable":true,"href":"https:\/\/elobservadorzonanorte.com.mx\/index.php?rest_route=%2Fwp%2Fv2%2Fcategories&post=90473"},{"taxonomy":"post_tag","embeddable":true,"href":"https:\/\/elobservadorzonanorte.com.mx\/index.php?rest_route=%2Fwp%2Fv2%2Ftags&post=90473"}],"curies":[{"name":"wp","href":"https:\/\/api.w.org\/{rel}","templated":true}]}}