{"id":90470,"date":"2024-10-22T03:13:12","date_gmt":"2024-10-22T03:13:12","guid":{"rendered":"https:\/\/elobservadorzonanorte.com.mx\/?p=90470"},"modified":"2024-10-22T03:13:13","modified_gmt":"2024-10-22T03:13:13","slug":"te-esperamos-manana","status":"publish","type":"post","link":"https:\/\/elobservadorzonanorte.com.mx\/?p=90470","title":{"rendered":"\u00a1Te esperamos ma\u00f1ana!"},"content":{"rendered":"\n<figure class=\"wp-block-image size-full\"><img decoding=\"async\" width=\"526\" height=\"526\" src=\"https:\/\/elobservadorzonanorte.com.mx\/wp-content\/uploads\/2024\/10\/464239552_2827712077397769_3061496926902197551_n.jpg\" alt=\"\" class=\"wp-image-90471\" srcset=\"https:\/\/elobservadorzonanorte.com.mx\/wp-content\/uploads\/2024\/10\/464239552_2827712077397769_3061496926902197551_n.jpg 526w, https:\/\/elobservadorzonanorte.com.mx\/wp-content\/uploads\/2024\/10\/464239552_2827712077397769_3061496926902197551_n-150x150.jpg 150w\" sizes=\"(max-width: 526px) 100vw, 526px\" \/><\/figure>\n\n\n\n<p>El DIF Municipal que preside la Lic. Ana Karen Castillo Bibiloni y el alcalde Andr\u00e9s Carballo Cordova te invitan a participar al \u00abZumba Rosa\u00bb T\u00f3cate, Expl\u00f3rate, Baila y Divi\u00e9rtete; en conmemoraci\u00f3n del D\u00eda Mundial de la Lucha Contra el C\u00e1ncer de Mama. <a href=\"https:\/\/www.facebook.com\/hashtag\/amoryconfianzadecoraz%C3%B3n?__eep__=6&amp;__cft__[0]=AZXjp5mHsaKWsnqRClrMVfu1W1f22Udp4jfFaUtSB3AyOF8dOdqXhziM31iws3jQmgMMzyp7rNVCGJEThItI2b7VI8X28y8je9SqkiGnVg5Iz6r966mrz02_GiraUAApwGmS0uTq-e8sp_A9-XXCFxUHyYQu4pKqVg5oB6BXSTglV1D2T9mJpD3z7Zxm170U-kca7BV6ZUDus9RZ3bUIAuMA&amp;__tn__=*NK-R\" target=\"_blank\" rel=\"noopener\">#AmoryConfianzadeCoraz\u00f3n<\/a><\/p>\n\n\n\n<p>Martes 22 de octubre<\/p>\n\n\n\n<p><a><\/a>16:00 horas \/ Explanada del Parque Central.<\/p>\n","protected":false},"excerpt":{"rendered":"<p>El DIF Municipal que preside la Lic. Ana Karen Castillo Bibiloni y el alcalde Andr\u00e9s Carballo Cordova te invitan a participar al \u00abZumba Rosa\u00bb T\u00f3cate, Expl\u00f3rate, Baila y Divi\u00e9rtete; en conmemoraci\u00f3n del D\u00eda Mundial de la Lucha Contra el C\u00e1ncer de Mama. #AmoryConfianzadeCoraz\u00f3n Martes 22 de octubre 16:00 horas \/ Explanada del Parque Central.<\/p>\n","protected":false},"author":1,"featured_media":90471,"comment_status":"closed","ping_status":"closed","sticky":false,"template":"","format":"standard","meta":{"footnotes":""},"categories":[4],"tags":[],"class_list":["post-90470","post","type-post","status-publish","format-standard","has-post-thumbnail","hentry","category-regional"],"_links":{"self":[{"href":"https:\/\/elobservadorzonanorte.com.mx\/index.php?rest_route=\/wp\/v2\/posts\/90470","targetHints":{"allow":["GET"]}}],"collection":[{"href":"https:\/\/elobservadorzonanorte.com.mx\/index.php?rest_route=\/wp\/v2\/posts"}],"about":[{"href":"https:\/\/elobservadorzonanorte.com.mx\/index.php?rest_route=\/wp\/v2\/types\/post"}],"author":[{"embeddable":true,"href":"https:\/\/elobservadorzonanorte.com.mx\/index.php?rest_route=\/wp\/v2\/users\/1"}],"replies":[{"embeddable":true,"href":"https:\/\/elobservadorzonanorte.com.mx\/index.php?rest_route=%2Fwp%2Fv2%2Fcomments&post=90470"}],"version-history":[{"count":0,"href":"https:\/\/elobservadorzonanorte.com.mx\/index.php?rest_route=\/wp\/v2\/posts\/90470\/revisions"}],"wp:featuredmedia":[{"embeddable":true,"href":"https:\/\/elobservadorzonanorte.com.mx\/index.php?rest_route=\/wp\/v2\/media\/90471"}],"wp:attachment":[{"href":"https:\/\/elobservadorzonanorte.com.mx\/index.php?rest_route=%2Fwp%2Fv2%2Fmedia&parent=90470"}],"wp:term":[{"taxonomy":"category","embeddable":true,"href":"https:\/\/elobservadorzonanorte.com.mx\/index.php?rest_route=%2Fwp%2Fv2%2Fcategories&post=90470"},{"taxonomy":"post_tag","embeddable":true,"href":"https:\/\/elobservadorzonanorte.com.mx\/index.php?rest_route=%2Fwp%2Fv2%2Ftags&post=90470"}],"curies":[{"name":"wp","href":"https:\/\/api.w.org\/{rel}","templated":true}]}}