{"id":90464,"date":"2024-10-22T03:12:55","date_gmt":"2024-10-22T03:12:55","guid":{"rendered":"https:\/\/elobservadorzonanorte.com.mx\/?p=90464"},"modified":"2024-10-22T03:12:56","modified_gmt":"2024-10-22T03:12:56","slug":"realiza-dif-municipal-sunuapa-campana-de-sensibilizacion-de-cancer-de-mama","status":"publish","type":"post","link":"https:\/\/elobservadorzonanorte.com.mx\/?p=90464","title":{"rendered":"Realiza DIF Municipal Sunuapa campa\u00f1a de sensibilizaci\u00f3n de c\u00e1ncer de mama"},"content":{"rendered":"\n<figure class=\"wp-block-image size-full\"><img decoding=\"async\" width=\"450\" height=\"600\" src=\"https:\/\/elobservadorzonanorte.com.mx\/wp-content\/uploads\/2024\/10\/464303790_2827706494064994_1172806221475500256_n.jpg\" alt=\"\" class=\"wp-image-90468\"\/><\/figure>\n\n\n\n<figure class=\"wp-block-image size-full\"><img decoding=\"async\" width=\"338\" height=\"600\" src=\"https:\/\/elobservadorzonanorte.com.mx\/wp-content\/uploads\/2024\/10\/464151394_2827706227398354_8302620419015670080_n.jpg\" alt=\"\" class=\"wp-image-90467\"\/><\/figure>\n\n\n\n<figure class=\"wp-block-image size-full\"><img decoding=\"async\" width=\"600\" height=\"338\" src=\"https:\/\/elobservadorzonanorte.com.mx\/wp-content\/uploads\/2024\/10\/464328554_2827706307398346_3794948154497437127_n.jpg\" alt=\"\" class=\"wp-image-90466\"\/><\/figure>\n\n\n\n<figure class=\"wp-block-image size-full\"><img decoding=\"async\" width=\"600\" height=\"450\" src=\"https:\/\/elobservadorzonanorte.com.mx\/wp-content\/uploads\/2024\/10\/464073882_2827706134065030_9118531549425690702_n.jpg\" alt=\"\" class=\"wp-image-90465\"\/><\/figure>\n\n\n\n<p>Explorate, porque prevenir es vivir.<\/p>\n\n\n\n<p>Realizamos la campa\u00f1a de sensibilizaci\u00f3n del C\u00e1ncer de Mama en nuestro querido Sunuapa, actividad a la que hemos convocado para sumarnos a la lucha contra el C\u00e1ncer de Mama y hacer el llamado a la exploraci\u00f3n y prevenci\u00f3n.<\/p>\n\n\n\n<p>En <a><\/a>este evento de sensibilizaci\u00f3n la Presidenta del Sistema DIF Municipal de Sunuapa, Lic. Flor de Mar\u00eda Bernal \u00c1lvarez, resalt\u00f3 la importancia de fortalecer el cuidado de la salud, ya que prevenir es vivir, por eso en este mes de Octubre se impulsan diversas acciones para reforzar la lucha contra est\u00e1 enfermedad.<\/p>\n\n\n\n<p>En el evento contamos con la presencia del Presidente Municipal, Lic. Fredi Ram\u00edrez Diaz, integrantes del cabildo, y todo el equipo del Ayuntamiento y DIF Municipal as\u00ed como la ponencia de nuestra invitada especial; enfermera Karla Morales, qui\u00e9n nos abund\u00f3 m\u00e1s sobre el mes rosa.<\/p>\n\n\n\n<p>De igual manera agradecemos la participacion de las Escuelas; Primaria Plan de Once A\u00f1os,<\/p>\n\n\n\n<p>Escuela Telesecundaria 118&#8243; 16 de Septiembre\u00bb y el Telebachilletato \u00abCarlos Pellicer C\u00e1mara\u00bb.<\/p>\n\n\n\n<p><a href=\"https:\/\/www.facebook.com\/fredi.ramirezdiaz.96?__cft__[0]=AZU76avhcng0ken7Z5A6ShgKxS7sUqbSKAyWi1wPmWpVoajGdvTXgvckqnmrHqWKVCO7Ih3rI8uN7Ji-ctVTBRm3hQ4JSQ1aiOAhmKCI4S2IDTaW9e0eCu15Dit9hOh8t84rhCHrAZvd-6UFZ2olg2AoJ_JRcxl7di95yFGkG34VuBR64E4UB6dF_FtWhURPBStD6XrbECI6ugThosry_h3v&amp;__tn__=-]K-R\" target=\"_blank\" rel=\"noopener\">Fredi Ramirez Diaz<\/a><\/p>\n\n\n\n<p><a href=\"https:\/\/www.facebook.com\/lujnano?__cft__[0]=AZU76avhcng0ken7Z5A6ShgKxS7sUqbSKAyWi1wPmWpVoajGdvTXgvckqnmrHqWKVCO7Ih3rI8uN7Ji-ctVTBRm3hQ4JSQ1aiOAhmKCI4S2IDTaW9e0eCu15Dit9hOh8t84rhCHrAZvd-6UFZ2olg2AoJ_JRcxl7di95yFGkG34VuBR64E4UB6dF_FtWhURPBStD6XrbECI6ugThosry_h3v&amp;__tn__=-]K-R\" target=\"_blank\" rel=\"noopener\">Roberto Ramirez Lujano<\/a><\/p>\n\n\n\n<p><a href=\"https:\/\/www.facebook.com\/flormaria.bernal.188?__cft__[0]=AZU76avhcng0ken7Z5A6ShgKxS7sUqbSKAyWi1wPmWpVoajGdvTXgvckqnmrHqWKVCO7Ih3rI8uN7Ji-ctVTBRm3hQ4JSQ1aiOAhmKCI4S2IDTaW9e0eCu15Dit9hOh8t84rhCHrAZvd-6UFZ2olg2AoJ_JRcxl7di95yFGkG34VuBR64E4UB6dF_FtWhURPBStD6XrbECI6ugThosry_h3v&amp;__tn__=-]K-R\" target=\"_blank\" rel=\"noopener\">Flormaria Bernal<\/a><\/p>\n","protected":false},"excerpt":{"rendered":"<p>Explorate, porque prevenir es vivir. Realizamos la campa\u00f1a de sensibilizaci\u00f3n del C\u00e1ncer de Mama en nuestro querido Sunuapa, actividad a la que hemos convocado para sumarnos a la lucha contra el C\u00e1ncer de Mama y hacer el llamado a la exploraci\u00f3n y prevenci\u00f3n. En este evento de sensibilizaci\u00f3n la Presidenta del Sistema DIF Municipal de [&hellip;]<\/p>\n","protected":false},"author":1,"featured_media":90468,"comment_status":"closed","ping_status":"closed","sticky":false,"template":"","format":"standard","meta":{"footnotes":""},"categories":[4],"tags":[],"class_list":["post-90464","post","type-post","status-publish","format-standard","has-post-thumbnail","hentry","category-regional"],"_links":{"self":[{"href":"https:\/\/elobservadorzonanorte.com.mx\/index.php?rest_route=\/wp\/v2\/posts\/90464","targetHints":{"allow":["GET"]}}],"collection":[{"href":"https:\/\/elobservadorzonanorte.com.mx\/index.php?rest_route=\/wp\/v2\/posts"}],"about":[{"href":"https:\/\/elobservadorzonanorte.com.mx\/index.php?rest_route=\/wp\/v2\/types\/post"}],"author":[{"embeddable":true,"href":"https:\/\/elobservadorzonanorte.com.mx\/index.php?rest_route=\/wp\/v2\/users\/1"}],"replies":[{"embeddable":true,"href":"https:\/\/elobservadorzonanorte.com.mx\/index.php?rest_route=%2Fwp%2Fv2%2Fcomments&post=90464"}],"version-history":[{"count":0,"href":"https:\/\/elobservadorzonanorte.com.mx\/index.php?rest_route=\/wp\/v2\/posts\/90464\/revisions"}],"wp:featuredmedia":[{"embeddable":true,"href":"https:\/\/elobservadorzonanorte.com.mx\/index.php?rest_route=\/wp\/v2\/media\/90468"}],"wp:attachment":[{"href":"https:\/\/elobservadorzonanorte.com.mx\/index.php?rest_route=%2Fwp%2Fv2%2Fmedia&parent=90464"}],"wp:term":[{"taxonomy":"category","embeddable":true,"href":"https:\/\/elobservadorzonanorte.com.mx\/index.php?rest_route=%2Fwp%2Fv2%2Fcategories&post=90464"},{"taxonomy":"post_tag","embeddable":true,"href":"https:\/\/elobservadorzonanorte.com.mx\/index.php?rest_route=%2Fwp%2Fv2%2Ftags&post=90464"}],"curies":[{"name":"wp","href":"https:\/\/api.w.org\/{rel}","templated":true}]}}