{"id":90451,"date":"2024-10-22T03:11:17","date_gmt":"2024-10-22T03:11:17","guid":{"rendered":"https:\/\/elobservadorzonanorte.com.mx\/?p=90451"},"modified":"2024-10-22T03:11:27","modified_gmt":"2024-10-22T03:11:27","slug":"autoridades-dan-banderazo-a-unidades-cargadas-de-apoyos-a-comunidades-de-pichucalco","status":"publish","type":"post","link":"https:\/\/elobservadorzonanorte.com.mx\/?p=90451","title":{"rendered":"oridades dan banderazo a unidades cargadas de apoyos a comunidades de Pichucalco"},"content":{"rendered":"<p><iframe loading=\"lazy\" src=\"https:\/\/www.facebook.com\/plugins\/video.php?height=314&#038;href=https%3A%2F%2Fwww.facebook.com%2Fjoselenin.mora%2Fvideos%2F531776962930698%2F&#038;show_text=false&#038;width=560&#038;t=0\" width=\"560\" height=\"314\" style=\"border:none;overflow:hidden\" scrolling=\"no\" frameborder=\"0\" allowfullscreen=\"true\" allow=\"autoplay; clipboard-write; encrypted-media; picture-in-picture; web-share\" allowFullScreen=\"true\"><\/iframe><\/p>\n\n\n\n<p>El alcalde Andr\u00e9s Carballo C\u00f3rdova, en compa\u00f1\u00eda de la presidenta del DIF Municipal, Lic. Ana Karen Castillo Bibiloni y diferentes Corporaciones de Gobierno, dan el banderazo de salida a las unidades que llevan los diferentes recursos de apoyo para las comunidades bajas del municipio, las cuales resultaron afectadas por el frente fr\u00edo N. 4.<\/p>\n\n\n\n<p>En su mensaje, expres\u00f3 su gratitud por el respaldo <a><\/a>brindado por Gobierno del Estado y la Secretar\u00eda de Protecci\u00f3n Civil, destacando la buena voluntad y apoyo del pueblo de Pichucalco, en relaci\u00f3n con los afectados. As\u00ed mismo, destac\u00f3 que siempre estar\u00e1 comprometido con el bienestar del municipio y sus habitantes.<\/p>\n\n\n\n<p>Pichucalco no est\u00e1 solo, seguiremos trabajando con m\u00e1s <a href=\"https:\/\/www.facebook.com\/hashtag\/accionesquecontribuyenalcambio?__eep__=6&amp;__cft__[0]=AZVXpg4ok1wCpW8i-cfYxUmjA-qfoKPHhos7bMSBQsvDG0l8tkseRcuiWwVHhMaJ3WRu2Cae2vojLrhYaCKj8xmdJyNlFbI849A3YaugdXo7M8XVON0U-IrFRS217d05VxGr5RStSC5LIfnL6Mf8e-EfuhOag_VsO9QfDc-ZMCwNUcg_a_uwaucCax72ZlAghSSL-y31u3Nf-457al_T8mI9&amp;__tn__=*NK-R\" target=\"_blank\" rel=\"noopener\">#AccionesqueContribuyenalCambio<\/a><\/p>\n\n\n\n<p><a href=\"https:\/\/www.facebook.com\/carballocordovaandres?__cft__[0]=AZVXpg4ok1wCpW8i-cfYxUmjA-qfoKPHhos7bMSBQsvDG0l8tkseRcuiWwVHhMaJ3WRu2Cae2vojLrhYaCKj8xmdJyNlFbI849A3YaugdXo7M8XVON0U-IrFRS217d05VxGr5RStSC5LIfnL6Mf8e-EfuhOag_VsO9QfDc-ZMCwNUcg_a_uwaucCax72ZlAghSSL-y31u3Nf-457al_T8mI9&amp;__tn__=-]K-R\" target=\"_blank\" rel=\"noopener\">Andr\u00e9s Carballo C\u00f3rdova<\/a><\/p>\n\n\n\n<p><a href=\"https:\/\/www.facebook.com\/andrescarballocordova?__cft__[0]=AZVXpg4ok1wCpW8i-cfYxUmjA-qfoKPHhos7bMSBQsvDG0l8tkseRcuiWwVHhMaJ3WRu2Cae2vojLrhYaCKj8xmdJyNlFbI849A3YaugdXo7M8XVON0U-IrFRS217d05VxGr5RStSC5LIfnL6Mf8e-EfuhOag_VsO9QfDc-ZMCwNUcg_a_uwaucCax72ZlAghSSL-y31u3Nf-457al_T8mI9&amp;__tn__=-]K-R\" target=\"_blank\" rel=\"noopener\">Andres Carballo Cordova<\/a><\/p>\n\n\n\n<figure class=\"wp-block-video\"><\/figure>\n","protected":false},"excerpt":{"rendered":"<p>El alcalde Andr\u00e9s Carballo C\u00f3rdova, en compa\u00f1\u00eda de la presidenta del DIF Municipal, Lic. Ana Karen Castillo Bibiloni y diferentes Corporaciones de Gobierno, dan el banderazo de salida a las unidades que llevan los diferentes recursos de apoyo para las comunidades bajas del municipio, las cuales resultaron afectadas por el frente fr\u00edo N. 4. En [&hellip;]<\/p>\n","protected":false},"author":1,"featured_media":90452,"comment_status":"closed","ping_status":"closed","sticky":false,"template":"","format":"standard","meta":{"footnotes":""},"categories":[4,11],"tags":[],"class_list":["post-90451","post","type-post","status-publish","format-standard","has-post-thumbnail","hentry","category-regional","category-videos"],"_links":{"self":[{"href":"https:\/\/elobservadorzonanorte.com.mx\/index.php?rest_route=\/wp\/v2\/posts\/90451","targetHints":{"allow":["GET"]}}],"collection":[{"href":"https:\/\/elobservadorzonanorte.com.mx\/index.php?rest_route=\/wp\/v2\/posts"}],"about":[{"href":"https:\/\/elobservadorzonanorte.com.mx\/index.php?rest_route=\/wp\/v2\/types\/post"}],"author":[{"embeddable":true,"href":"https:\/\/elobservadorzonanorte.com.mx\/index.php?rest_route=\/wp\/v2\/users\/1"}],"replies":[{"embeddable":true,"href":"https:\/\/elobservadorzonanorte.com.mx\/index.php?rest_route=%2Fwp%2Fv2%2Fcomments&post=90451"}],"version-history":[{"count":0,"href":"https:\/\/elobservadorzonanorte.com.mx\/index.php?rest_route=\/wp\/v2\/posts\/90451\/revisions"}],"wp:featuredmedia":[{"embeddable":true,"href":"https:\/\/elobservadorzonanorte.com.mx\/index.php?rest_route=\/wp\/v2\/media\/90452"}],"wp:attachment":[{"href":"https:\/\/elobservadorzonanorte.com.mx\/index.php?rest_route=%2Fwp%2Fv2%2Fmedia&parent=90451"}],"wp:term":[{"taxonomy":"category","embeddable":true,"href":"https:\/\/elobservadorzonanorte.com.mx\/index.php?rest_route=%2Fwp%2Fv2%2Fcategories&post=90451"},{"taxonomy":"post_tag","embeddable":true,"href":"https:\/\/elobservadorzonanorte.com.mx\/index.php?rest_route=%2Fwp%2Fv2%2Ftags&post=90451"}],"curies":[{"name":"wp","href":"https:\/\/api.w.org\/{rel}","templated":true}]}}