{"id":90446,"date":"2024-10-22T03:10:46","date_gmt":"2024-10-22T03:10:46","guid":{"rendered":"https:\/\/elobservadorzonanorte.com.mx\/?p=90446"},"modified":"2024-10-22T03:10:46","modified_gmt":"2024-10-22T03:10:46","slug":"andres-carballo-cordova-encabezo-la-sesion-de-seguimiento-de-danos-provocados-por-la-tormenta-tropical-nadine","status":"publish","type":"post","link":"https:\/\/elobservadorzonanorte.com.mx\/?p=90446","title":{"rendered":"Andr\u00e9s Carballo C\u00f3rdova encabez\u00f3 la Sesi\u00f3n de Seguimiento de Da\u00f1os Provocados por la \u201cTormenta Tropical Nadine\u201d"},"content":{"rendered":"\n<figure class=\"wp-block-image size-full\"><img decoding=\"async\" width=\"592\" height=\"395\" src=\"https:\/\/elobservadorzonanorte.com.mx\/wp-content\/uploads\/2024\/10\/464194020_2827518470750463_272398825877538467_n.jpg\" alt=\"\" class=\"wp-image-90449\"\/><\/figure>\n\n\n\n<figure class=\"wp-block-image size-full\"><img decoding=\"async\" width=\"593\" height=\"395\" src=\"https:\/\/elobservadorzonanorte.com.mx\/wp-content\/uploads\/2024\/10\/464177108_2827518217417155_8097186919061965612_n.jpg\" alt=\"\" class=\"wp-image-90448\"\/><\/figure>\n\n\n\n<figure class=\"wp-block-image size-full\"><img decoding=\"async\" width=\"592\" height=\"395\" src=\"https:\/\/elobservadorzonanorte.com.mx\/wp-content\/uploads\/2024\/10\/464224428_2827518000750510_5739515049297298664_n.jpg\" alt=\"\" class=\"wp-image-90447\"\/><\/figure>\n\n\n\n<p>En interacci\u00f3n con el frente fr\u00edo No. 4. Adem\u00e1s, le agradece al gobernador Dr. Rutilio Escand\u00f3n Cadenas el respaldo y apoyo a las y los Pichucalque\u00f1os.<\/p>\n\n\n\n<p>Ah\u00ed, la Secretar\u00eda de Protecci\u00f3n Civil dio a conocer las afectaciones de los caminos y viviendas, dando datos de anegaciones y p\u00e9rdidas materiales; y contin\u00faa recomendando a mantenerse informado por medio de <a><\/a>plataformas y medios oficiales.<\/p>\n\n\n\n<p>El Gobierno Municipal, en conjunto con Protecci\u00f3n Civil, seguir\u00e1n trabajando y gestionando, para apoyar a los sectores econ\u00f3micos y las familias afectadas.<\/p>\n\n\n\n<p>\u00a1Acciones que Contribuyen al Cambio!<\/p>\n\n\n\n<p><a href=\"https:\/\/www.facebook.com\/andrescarballocordova?__cft__[0]=AZX5ZI-8NQamOqyAGI9IqrzTNtIMGkbvlDlO92wxDM6sqL5Umi4s-JPTqP4mwH4Hi0bXTFkJ1PeGtTVSsNNTGMUoTOG_KLgFaK_guWbG3YEU8olTj-J8hfdZyK3guCZMG4fWJ8-pen_7xUw31IOWmqVLjMC97UR1mp_sfGLXMhkhFMoxQxUWZPkEbNrlUWd59JfR9MrvAFHPXqRbtv40Gh6w&amp;__tn__=-]K-R\" target=\"_blank\" rel=\"noopener\">Andres Carballo Cordova<\/a><\/p>\n","protected":false},"excerpt":{"rendered":"<p>En interacci\u00f3n con el frente fr\u00edo No. 4. Adem\u00e1s, le agradece al gobernador Dr. Rutilio Escand\u00f3n Cadenas el respaldo y apoyo a las y los Pichucalque\u00f1os. Ah\u00ed, la Secretar\u00eda de Protecci\u00f3n Civil dio a conocer las afectaciones de los caminos y viviendas, dando datos de anegaciones y p\u00e9rdidas materiales; y contin\u00faa recomendando a mantenerse informado [&hellip;]<\/p>\n","protected":false},"author":1,"featured_media":90447,"comment_status":"closed","ping_status":"closed","sticky":false,"template":"","format":"standard","meta":{"footnotes":""},"categories":[4],"tags":[],"class_list":["post-90446","post","type-post","status-publish","format-standard","has-post-thumbnail","hentry","category-regional"],"_links":{"self":[{"href":"https:\/\/elobservadorzonanorte.com.mx\/index.php?rest_route=\/wp\/v2\/posts\/90446","targetHints":{"allow":["GET"]}}],"collection":[{"href":"https:\/\/elobservadorzonanorte.com.mx\/index.php?rest_route=\/wp\/v2\/posts"}],"about":[{"href":"https:\/\/elobservadorzonanorte.com.mx\/index.php?rest_route=\/wp\/v2\/types\/post"}],"author":[{"embeddable":true,"href":"https:\/\/elobservadorzonanorte.com.mx\/index.php?rest_route=\/wp\/v2\/users\/1"}],"replies":[{"embeddable":true,"href":"https:\/\/elobservadorzonanorte.com.mx\/index.php?rest_route=%2Fwp%2Fv2%2Fcomments&post=90446"}],"version-history":[{"count":0,"href":"https:\/\/elobservadorzonanorte.com.mx\/index.php?rest_route=\/wp\/v2\/posts\/90446\/revisions"}],"wp:featuredmedia":[{"embeddable":true,"href":"https:\/\/elobservadorzonanorte.com.mx\/index.php?rest_route=\/wp\/v2\/media\/90447"}],"wp:attachment":[{"href":"https:\/\/elobservadorzonanorte.com.mx\/index.php?rest_route=%2Fwp%2Fv2%2Fmedia&parent=90446"}],"wp:term":[{"taxonomy":"category","embeddable":true,"href":"https:\/\/elobservadorzonanorte.com.mx\/index.php?rest_route=%2Fwp%2Fv2%2Fcategories&post=90446"},{"taxonomy":"post_tag","embeddable":true,"href":"https:\/\/elobservadorzonanorte.com.mx\/index.php?rest_route=%2Fwp%2Fv2%2Ftags&post=90446"}],"curies":[{"name":"wp","href":"https:\/\/api.w.org\/{rel}","templated":true}]}}