{"id":90435,"date":"2024-10-22T03:09:34","date_gmt":"2024-10-22T03:09:34","guid":{"rendered":"https:\/\/elobservadorzonanorte.com.mx\/?p=90435"},"modified":"2024-10-22T03:09:35","modified_gmt":"2024-10-22T03:09:35","slug":"gobierno-municipal-de-sunuapa-inicia-las-actividades-de-la-semana-con-los-honores-a-labaro-patrio","status":"publish","type":"post","link":"https:\/\/elobservadorzonanorte.com.mx\/?p=90435","title":{"rendered":"Gobierno Municipal de Sunuapa inicia las actividades de la semana con los honores a l\u00e1baro patrio"},"content":{"rendered":"\n<figure class=\"wp-block-gallery has-nested-images columns-default is-cropped wp-block-gallery-1 is-layout-flex wp-block-gallery-is-layout-flex\">\n<figure class=\"wp-block-image size-large\"><img decoding=\"async\" width=\"585\" height=\"395\" data-id=\"90437\" src=\"https:\/\/elobservadorzonanorte.com.mx\/wp-content\/uploads\/2024\/10\/464144652_2827158190786491_3243441898939906584_n.jpg\" alt=\"\" class=\"wp-image-90437\"\/><\/figure>\n\n\n\n<figure class=\"wp-block-image size-large\"><img decoding=\"async\" width=\"403\" height=\"586\" data-id=\"90438\" src=\"https:\/\/elobservadorzonanorte.com.mx\/wp-content\/uploads\/2024\/10\/464175715_2827158234119820_8351301264260138767_n.jpg\" alt=\"\" class=\"wp-image-90438\"\/><\/figure>\n\n\n\n<figure class=\"wp-block-image size-large\"><img decoding=\"async\" width=\"585\" height=\"403\" data-id=\"90436\" src=\"https:\/\/elobservadorzonanorte.com.mx\/wp-content\/uploads\/2024\/10\/464219481_2827158270786483_5463621446813371378_n.jpg\" alt=\"\" class=\"wp-image-90436\"\/><\/figure>\n<\/figure>\n\n\n\n<figure class=\"wp-block-video\"><\/figure>\n\n\n\n<p>Agradecemos la participaci\u00f3n de los alumnos y maestros de la escuela Telesecundaria n\u00b0118 \u00ab16 de septiembre\u00bb en este acto c\u00edvico.<\/p>\n\n\n\n<p>El presidente municipal Lic. Fredi Ramirez Diaz exhort\u00f3 a los asistentes a estar atentos a las recomendaciones del sistema de protecci\u00f3n civil, y cuidarnos sobre todo ante las condiciones clim\u00e1ticas que han afectado nuestro municipio con el fin de <a><\/a>prevenir riesgos y accidentes.<\/p>\n\n\n\n<p><a href=\"https:\/\/www.facebook.com\/hashtag\/sunuapaenprogresoydesarrolloparatodos?__eep__=6&amp;__cft__[0]=AZWjezj181LITEn8139oQsaLfStNZi8WLWBTuAhK70INiTcnAPQwHrtfjz3XpEkG1CYVUzTwIqxNTvazwOyZIwo-0EMycOJXyWWvdXsBtjJirqHjED3EfopyP4ck3d8CZi27NLbQHgUnspl8A12MR8xz_ONL5Zrsm2rKHcBtz4nnMtgt9XvIX9bSqHQ3rB1PxzY_CU5mU994JSk0c_XqDkNU&amp;__tn__=*NK-R\" target=\"_blank\" rel=\"noopener\">#sunuapaenprogresoydesarrolloparatodos<\/a><\/p>\n\n\n\n<p><a href=\"https:\/\/www.facebook.com\/hashtag\/gobiernomunicipalsunuapa20242027?__eep__=6&amp;__cft__[0]=AZWjezj181LITEn8139oQsaLfStNZi8WLWBTuAhK70INiTcnAPQwHrtfjz3XpEkG1CYVUzTwIqxNTvazwOyZIwo-0EMycOJXyWWvdXsBtjJirqHjED3EfopyP4ck3d8CZi27NLbQHgUnspl8A12MR8xz_ONL5Zrsm2rKHcBtz4nnMtgt9XvIX9bSqHQ3rB1PxzY_CU5mU994JSk0c_XqDkNU&amp;__tn__=*NK-R\" target=\"_blank\" rel=\"noopener\">#gobiernomunicipalsunuapa20242027<\/a><\/p>\n","protected":false},"excerpt":{"rendered":"<p>Agradecemos la participaci\u00f3n de los alumnos y maestros de la escuela Telesecundaria n\u00b0118 \u00ab16 de septiembre\u00bb en este acto c\u00edvico. El presidente municipal Lic. Fredi Ramirez Diaz exhort\u00f3 a los asistentes a estar atentos a las recomendaciones del sistema de protecci\u00f3n civil, y cuidarnos sobre todo ante las condiciones clim\u00e1ticas que han afectado nuestro municipio [&hellip;]<\/p>\n","protected":false},"author":1,"featured_media":90437,"comment_status":"closed","ping_status":"closed","sticky":false,"template":"","format":"standard","meta":{"footnotes":""},"categories":[4],"tags":[],"class_list":["post-90435","post","type-post","status-publish","format-standard","has-post-thumbnail","hentry","category-regional"],"_links":{"self":[{"href":"https:\/\/elobservadorzonanorte.com.mx\/index.php?rest_route=\/wp\/v2\/posts\/90435","targetHints":{"allow":["GET"]}}],"collection":[{"href":"https:\/\/elobservadorzonanorte.com.mx\/index.php?rest_route=\/wp\/v2\/posts"}],"about":[{"href":"https:\/\/elobservadorzonanorte.com.mx\/index.php?rest_route=\/wp\/v2\/types\/post"}],"author":[{"embeddable":true,"href":"https:\/\/elobservadorzonanorte.com.mx\/index.php?rest_route=\/wp\/v2\/users\/1"}],"replies":[{"embeddable":true,"href":"https:\/\/elobservadorzonanorte.com.mx\/index.php?rest_route=%2Fwp%2Fv2%2Fcomments&post=90435"}],"version-history":[{"count":0,"href":"https:\/\/elobservadorzonanorte.com.mx\/index.php?rest_route=\/wp\/v2\/posts\/90435\/revisions"}],"wp:featuredmedia":[{"embeddable":true,"href":"https:\/\/elobservadorzonanorte.com.mx\/index.php?rest_route=\/wp\/v2\/media\/90437"}],"wp:attachment":[{"href":"https:\/\/elobservadorzonanorte.com.mx\/index.php?rest_route=%2Fwp%2Fv2%2Fmedia&parent=90435"}],"wp:term":[{"taxonomy":"category","embeddable":true,"href":"https:\/\/elobservadorzonanorte.com.mx\/index.php?rest_route=%2Fwp%2Fv2%2Fcategories&post=90435"},{"taxonomy":"post_tag","embeddable":true,"href":"https:\/\/elobservadorzonanorte.com.mx\/index.php?rest_route=%2Fwp%2Fv2%2Ftags&post=90435"}],"curies":[{"name":"wp","href":"https:\/\/api.w.org\/{rel}","templated":true}]}}