{"id":90427,"date":"2024-10-22T03:08:28","date_gmt":"2024-10-22T03:08:28","guid":{"rendered":"https:\/\/elobservadorzonanorte.com.mx\/?p=90427"},"modified":"2024-10-22T03:08:29","modified_gmt":"2024-10-22T03:08:29","slug":"presidente-oscar-serra-cantoral-sostuvo-reunion-con-los-habitantes-de-la-rancheria-santa-teresa-3ra-seccion","status":"publish","type":"post","link":"https:\/\/elobservadorzonanorte.com.mx\/?p=90427","title":{"rendered":"PRESIDENTE OSCAR SERRA CANTORAL SOSTUVO REUNION CON LOS HABITANTES DE LA RANCHERIA SANTA TERESA 3RA. SECCION"},"content":{"rendered":"\n<figure class=\"wp-block-image size-full\"><img decoding=\"async\" width=\"600\" height=\"450\" src=\"https:\/\/elobservadorzonanorte.com.mx\/wp-content\/uploads\/2024\/10\/464229148_2827156884119955_8583228361790350013_n.jpg\" alt=\"\" class=\"wp-image-90430\"\/><\/figure>\n\n\n\n<figure class=\"wp-block-image size-full\"><img decoding=\"async\" width=\"600\" height=\"450\" src=\"https:\/\/elobservadorzonanorte.com.mx\/wp-content\/uploads\/2024\/10\/464062328_2827156804119963_1353256234019208815_n.jpg\" alt=\"\" class=\"wp-image-90429\"\/><\/figure>\n\n\n\n<figure class=\"wp-block-image size-full\"><img decoding=\"async\" width=\"600\" height=\"450\" src=\"https:\/\/elobservadorzonanorte.com.mx\/wp-content\/uploads\/2024\/10\/464185831_2827156707453306_5765312593057475997_n.jpg\" alt=\"\" class=\"wp-image-90428\"\/><\/figure>\n\n\n\n<p>Dando seguimiento a la atenci\u00f3n de los pobladores que conforman al municipio, el Gobierno Municipal que preside Oscar Serra Cantoral sostuvo una reuni\u00f3n con los habitantes de la Rancher\u00eda de Santa Teresa 3ra. Secc. Con el objetivo de establecer un gobierno cercano a la gente para poder seguir con el firme compromiso de atenderlos y apoyando a las comunidades.<\/p>\n\n\n\n<p>Durante <a><\/a>la reuni\u00f3n, el presidente Oscar Serra destac\u00f3 la importancia de trabajar en equipo para garantizar el trabajo claro y honesto. Serra Cantoral refrend\u00f3 su compromiso con los habitantes de la Rancher\u00eda Santa Teresa 3ra. Secc. de seguir con la transformaci\u00f3n y d\u00e1ndole continuidad hacia una nueva ERA.<\/p>\n\n\n\n<p>Asimismo, haciendo acto de presencia en la reuni\u00f3n estuvo la S\u00edndico Municipal, Felisa Soberna Zenteno y el Delegado de Gobierno, Fernando L\u00f3pez Gonz\u00e1lez reafirmando el compromiso en conjunto con el Presidente Municipal de estar a la disposici\u00f3n de trabajar al servicio de las comunidades en todo lo que sea necesario para el servicio mejor de todo habitante.<\/p>\n\n\n\n<p>Los habitantes de la Rancher\u00eda de Santa Teresa 3ra. Secc. agradecieron al presidente Oscar Serra por la disposici\u00f3n y atenci\u00f3n brindada; se\u00f1alando que esta nueva administraci\u00f3n est\u00e1 centrada en contribuir a la mejora de cada una de las comunidades.<\/p>\n\n\n\n<p><a href=\"https:\/\/www.facebook.com\/hashtag\/sigamoshaci%C3%A9ndolojuntos?__eep__=6&amp;__cft__[0]=AZUB-9XrBgqmSpdy5MH3iSRI9lakiGYhFW_WlNzeE4pUDXVT_Re-BpTqMaIwPjRYq9rsw4VyuNVbLQ8oZD8NoqQcanuLTPDhMymihwp4kDQP1A7l1Mw5THcIxKECqiMzjsVm4-XyOXMdOx_OHMKjaqqWfss4EfVnHbvcmkjUIRVWghIz5usYyCWUSuJc1uSHK_gq6JwQC2VJMOK5ueZd74ob&amp;__tn__=*NK-R\" target=\"_blank\" rel=\"noopener\">#SigamosHaci\u00e9ndoloJuntos<\/a><\/p>\n","protected":false},"excerpt":{"rendered":"<p>Dando seguimiento a la atenci\u00f3n de los pobladores que conforman al municipio, el Gobierno Municipal que preside Oscar Serra Cantoral sostuvo una reuni\u00f3n con los habitantes de la Rancher\u00eda de Santa Teresa 3ra. Secc. Con el objetivo de establecer un gobierno cercano a la gente para poder seguir con el firme compromiso de atenderlos y [&hellip;]<\/p>\n","protected":false},"author":1,"featured_media":90428,"comment_status":"closed","ping_status":"closed","sticky":false,"template":"","format":"standard","meta":{"footnotes":""},"categories":[3,4],"tags":[],"class_list":["post-90427","post","type-post","status-publish","format-standard","has-post-thumbnail","hentry","category-estatal","category-regional"],"_links":{"self":[{"href":"https:\/\/elobservadorzonanorte.com.mx\/index.php?rest_route=\/wp\/v2\/posts\/90427","targetHints":{"allow":["GET"]}}],"collection":[{"href":"https:\/\/elobservadorzonanorte.com.mx\/index.php?rest_route=\/wp\/v2\/posts"}],"about":[{"href":"https:\/\/elobservadorzonanorte.com.mx\/index.php?rest_route=\/wp\/v2\/types\/post"}],"author":[{"embeddable":true,"href":"https:\/\/elobservadorzonanorte.com.mx\/index.php?rest_route=\/wp\/v2\/users\/1"}],"replies":[{"embeddable":true,"href":"https:\/\/elobservadorzonanorte.com.mx\/index.php?rest_route=%2Fwp%2Fv2%2Fcomments&post=90427"}],"version-history":[{"count":0,"href":"https:\/\/elobservadorzonanorte.com.mx\/index.php?rest_route=\/wp\/v2\/posts\/90427\/revisions"}],"wp:featuredmedia":[{"embeddable":true,"href":"https:\/\/elobservadorzonanorte.com.mx\/index.php?rest_route=\/wp\/v2\/media\/90428"}],"wp:attachment":[{"href":"https:\/\/elobservadorzonanorte.com.mx\/index.php?rest_route=%2Fwp%2Fv2%2Fmedia&parent=90427"}],"wp:term":[{"taxonomy":"category","embeddable":true,"href":"https:\/\/elobservadorzonanorte.com.mx\/index.php?rest_route=%2Fwp%2Fv2%2Fcategories&post=90427"},{"taxonomy":"post_tag","embeddable":true,"href":"https:\/\/elobservadorzonanorte.com.mx\/index.php?rest_route=%2Fwp%2Fv2%2Ftags&post=90427"}],"curies":[{"name":"wp","href":"https:\/\/api.w.org\/{rel}","templated":true}]}}