{"id":90421,"date":"2024-10-21T05:35:36","date_gmt":"2024-10-21T05:35:36","guid":{"rendered":"https:\/\/elobservadorzonanorte.com.mx\/?p=90421"},"modified":"2024-10-21T05:35:37","modified_gmt":"2024-10-21T05:35:37","slug":"un-exito-festival-cultural-y-agrocomercial-en-chiapasionate-angel-torres","status":"publish","type":"post","link":"https:\/\/elobservadorzonanorte.com.mx\/?p=90421","title":{"rendered":"*Un \u00e9xito festival cultural y agrocomercial en Chiapasi\u00f3nate: Angel Torres*"},"content":{"rendered":"\n<figure class=\"wp-block-image size-full\"><img decoding=\"async\" width=\"593\" height=\"395\" src=\"https:\/\/elobservadorzonanorte.com.mx\/wp-content\/uploads\/2024\/10\/464151613_2826485327520444_8799424412068050179_n.jpg\" alt=\"\" class=\"wp-image-90425\"\/><\/figure>\n\n\n\n<figure class=\"wp-block-image size-full\"><img decoding=\"async\" width=\"593\" height=\"395\" src=\"https:\/\/elobservadorzonanorte.com.mx\/wp-content\/uploads\/2024\/10\/464142903_2826485190853791_903224243409139083_n.jpg\" alt=\"\" class=\"wp-image-90424\"\/><\/figure>\n\n\n\n<figure class=\"wp-block-image size-full\"><img decoding=\"async\" width=\"593\" height=\"395\" src=\"https:\/\/elobservadorzonanorte.com.mx\/wp-content\/uploads\/2024\/10\/464111007_2826485167520460_6976710027924587348_n.jpg\" alt=\"\" class=\"wp-image-90423\"\/><\/figure>\n\n\n\n<figure class=\"wp-block-image size-full\"><img decoding=\"async\" width=\"593\" height=\"395\" src=\"https:\/\/elobservadorzonanorte.com.mx\/wp-content\/uploads\/2024\/10\/464205669_2826485144187129_367828581593659765_n.jpg\" alt=\"\" class=\"wp-image-90422\"\/><\/figure>\n\n\n\n<p>\u00b7 Cientos de familias se dieron cita este domingo, en Chiapasi\u00f3nate, donde disfrutaron de m\u00fasica, antojitos y actividades culturales<\/p>\n\n\n\n<p>Gran respuesta ciudadana registr\u00f3 el festival de arte y cultura, as\u00ed como las y los emprendedores de la Verbena Agrocomercial, en el parque Chiapasi\u00f3nate, en la zona oriente de la capital, donde el presidente municipal de Tuxtla Guti\u00e9rrez, Angel Torres, constat\u00f3 el <a><\/a>ambiente de fiesta y alegr\u00eda de cientos de ni\u00f1as, ni\u00f1os, j\u00f3venes y familias.<\/p>\n\n\n\n<p>En este marco, Angel Torres destac\u00f3 que este tipo de acciones forman parte del Plan Tuxtla 4T que contempla llevar vida a los espacios p\u00fablicos, a trav\u00e9s del impulso del arte y la cultura, as\u00ed como del emprendimiento, con lo que tambi\u00e9n se fortalece la sana convivencia y el tejido social de las familias.<\/p>\n\n\n\n<p>Angel Torres agradeci\u00f3 a la Secretar\u00eda de Econom\u00eda Municipal y al Instituto Tuxtleco de Arte y Cultura. Asimismo, a la asociaciones folcl\u00f3ricas, a las y los emprendedores, artistas, artesanas, artesanos, y a todas y todos los que hicieron posible este gran evento.<\/p>\n\n\n\n<p>\u201cVamos a seguir llevando vida a los parques, vamos a seguir impulsando actividades culturales y deportivas en la capital, porque todas y todos queremos un Tuxtla con bienestar, con desarrollo, pero sobre todo, un Tuxtla que brille, un Tuxtla vivo, lleno de felicidad en las familias\u201d, puntualiz\u00f3.<\/p>\n","protected":false},"excerpt":{"rendered":"<p>\u00b7 Cientos de familias se dieron cita este domingo, en Chiapasi\u00f3nate, donde disfrutaron de m\u00fasica, antojitos y actividades culturales Gran respuesta ciudadana registr\u00f3 el festival de arte y cultura, as\u00ed como las y los emprendedores de la Verbena Agrocomercial, en el parque Chiapasi\u00f3nate, en la zona oriente de la capital, donde el presidente municipal de [&hellip;]<\/p>\n","protected":false},"author":1,"featured_media":90423,"comment_status":"closed","ping_status":"closed","sticky":false,"template":"","format":"standard","meta":{"footnotes":""},"categories":[3],"tags":[],"class_list":["post-90421","post","type-post","status-publish","format-standard","has-post-thumbnail","hentry","category-estatal"],"_links":{"self":[{"href":"https:\/\/elobservadorzonanorte.com.mx\/index.php?rest_route=\/wp\/v2\/posts\/90421","targetHints":{"allow":["GET"]}}],"collection":[{"href":"https:\/\/elobservadorzonanorte.com.mx\/index.php?rest_route=\/wp\/v2\/posts"}],"about":[{"href":"https:\/\/elobservadorzonanorte.com.mx\/index.php?rest_route=\/wp\/v2\/types\/post"}],"author":[{"embeddable":true,"href":"https:\/\/elobservadorzonanorte.com.mx\/index.php?rest_route=\/wp\/v2\/users\/1"}],"replies":[{"embeddable":true,"href":"https:\/\/elobservadorzonanorte.com.mx\/index.php?rest_route=%2Fwp%2Fv2%2Fcomments&post=90421"}],"version-history":[{"count":0,"href":"https:\/\/elobservadorzonanorte.com.mx\/index.php?rest_route=\/wp\/v2\/posts\/90421\/revisions"}],"wp:featuredmedia":[{"embeddable":true,"href":"https:\/\/elobservadorzonanorte.com.mx\/index.php?rest_route=\/wp\/v2\/media\/90423"}],"wp:attachment":[{"href":"https:\/\/elobservadorzonanorte.com.mx\/index.php?rest_route=%2Fwp%2Fv2%2Fmedia&parent=90421"}],"wp:term":[{"taxonomy":"category","embeddable":true,"href":"https:\/\/elobservadorzonanorte.com.mx\/index.php?rest_route=%2Fwp%2Fv2%2Fcategories&post=90421"},{"taxonomy":"post_tag","embeddable":true,"href":"https:\/\/elobservadorzonanorte.com.mx\/index.php?rest_route=%2Fwp%2Fv2%2Ftags&post=90421"}],"curies":[{"name":"wp","href":"https:\/\/api.w.org\/{rel}","templated":true}]}}