{"id":90377,"date":"2024-10-21T04:09:34","date_gmt":"2024-10-21T04:09:34","guid":{"rendered":"https:\/\/elobservadorzonanorte.com.mx\/?p=90377"},"modified":"2024-10-21T04:09:35","modified_gmt":"2024-10-21T04:09:35","slug":"instalan-en-congreso-comisiones-de-vivienda-ecologia-salud-y-postulacion-de-la-medalla-rosario-castellanos","status":"publish","type":"post","link":"https:\/\/elobservadorzonanorte.com.mx\/?p=90377","title":{"rendered":"*Instalan en Congreso comisiones de Vivienda, Ecolog\u00eda, Salud y postulaci\u00f3n de la Medalla Rosario Castellanos*"},"content":{"rendered":"\n<figure class=\"wp-block-image size-full\"><img decoding=\"async\" width=\"593\" height=\"395\" src=\"https:\/\/elobservadorzonanorte.com.mx\/wp-content\/uploads\/2024\/10\/464223269_2825978467571130_6826857088247625894_n.jpg\" alt=\"\" class=\"wp-image-90381\"\/><\/figure>\n\n\n\n<figure class=\"wp-block-image size-full\"><img decoding=\"async\" width=\"592\" height=\"395\" src=\"https:\/\/elobservadorzonanorte.com.mx\/wp-content\/uploads\/2024\/10\/464109657_2825978350904475_6726133139879668146_n.jpg\" alt=\"\" class=\"wp-image-90380\"\/><\/figure>\n\n\n\n<figure class=\"wp-block-image size-full\"><img decoding=\"async\" width=\"593\" height=\"395\" src=\"https:\/\/elobservadorzonanorte.com.mx\/wp-content\/uploads\/2024\/10\/464052237_2825978314237812_2322239802829327918_n.jpg\" alt=\"\" class=\"wp-image-90379\"\/><\/figure>\n\n\n\n<figure class=\"wp-block-image size-full\"><img decoding=\"async\" width=\"593\" height=\"395\" src=\"https:\/\/elobservadorzonanorte.com.mx\/wp-content\/uploads\/2024\/10\/464112959_2825978264237817_4182906466895747101_n.jpg\" alt=\"\" class=\"wp-image-90378\"\/><\/figure>\n\n\n\n<p>Tuxtla Guti\u00e9rrez, Chiapas; 20 de octubre de 2024.- Para el Gobierno Federal y el pr\u00f3ximo Gobierno Estatal, la vivienda es uno de los programas prioritarios, se\u00f1al\u00f3 el diputado Jos\u00e9 de Jes\u00fas Dom\u00ednguez Castellanos, al tomar la protesta de ley a los diputados que integran la Comisi\u00f3n de Vivienda y dejar formalmente instalados los trabajos de dicho \u00f3rgano parlamentario.<\/p>\n\n\n\n<p><a><\/a>Acompa\u00f1ado de Rosa Marbel Vera Mej\u00eda, directora de la Promotora de Vivienda del estado de Chiapas, reunidos en la sala de usos m\u00faltiples \u201cFidelia Brindis Camacho\u201d, tom\u00f3 protesta a las y los diputados: Domingo Vel\u00e1zquez M\u00e9ndez, Freddy Escobar S\u00e1nchez, Mar\u00eda Isabel Rodr\u00edguez Jim\u00e9nez, Abundio Peregrino Garc\u00eda, Maritza Molina Molina y Alejandra G\u00f3mez Mendoza.<\/p>\n\n\n\n<p>El diputado por Tapachula, reiter\u00f3: \u201cEl programa de vivienda y regularizaci\u00f3n, anunciado recientemente por la presidenta de la Rep\u00fablica, Claudia Sheinbaum Pardo, prioriza su atenci\u00f3n en las zonas de mayor rezago y poblaciones ind\u00edgenas, al mismo tiempo que atender\u00e1 a municipios con necesidades de vivienda por el incremento demogr\u00e1fico. Este programa buscar\u00e1 atender prioritariamente a mujeres jefas de familia, poblaci\u00f3n ind\u00edgena y adultos mayores\u201d.<\/p>\n\n\n\n<p>En el desahogo de la agenda parlamentaria, la diputada Valeria Santiago Barrientos instal\u00f3 la Comisi\u00f3n de Medio Ambiente, Ecolog\u00eda y Cambio Clim\u00e1tico de la Sexag\u00e9sima Novena Legislatura, donde se\u00f1al\u00f3: \u201cNos comprometemos a analizar nuestro marco jur\u00eddico y promover las reformas necesarias para garantizar que las y los chiapanecos enfrenten con \u00e9xito los desaf\u00edos de la crisis clim\u00e1tica, la contaminaci\u00f3n y la p\u00e9rdida de biodiversidad.<\/p>\n\n\n\n<p>La legisladora por el Partido Verde Ecologista de M\u00e9xico (PVEM), enfatiz\u00f3: \u201cSomos un estado castigado tambi\u00e9n por la deforestaci\u00f3n, la p\u00e9rdida de biodiversidad y la crisis clim\u00e1tica. Hemos perdido el 55 por ciento de nuestros bosques y el impacto de esta devastaci\u00f3n se refleja en la vida de las y de los chiapanecos\u201d.<\/p>\n\n\n\n<p>Lo anterior, al tomar protesta a las y los diputados que integran la Comisi\u00f3n de Medio Ambiente, Ecolog\u00eda y Cambio Clim\u00e1tico: Juan Salvador Camacho Velasco, Edwin Leonel P\u00e9rez Alfaro, Sahara Munira Jos\u00e9 Flores, Juan Manuel Utrilla Constantino, Ismael Brito Mazariegos y Ana Karen Ruiz Couti\u00f1o, quienes estuvieron acompa\u00f1ados del diputado Luis Ignacio Avenda\u00f1o Berm\u00fadez, presidente de la Mesa Directiva; Mar\u00eda del Rosario Bonifaz Alfonso, secretar\u00eda del Medio Ambiente e Historia Natural; Melina Guti\u00e9rrez, de la Direcci\u00f3n de Asuntos Ambientales de la Procuradur\u00eda Ambiental del estado de Chiapas y Fernando Adolfo Cepeda Soto, director general del Instituto Estatal del Agua, entre otros invitados especiales.<\/p>\n\n\n\n<p>De la misma forma, la diputada Faride Abud Garc\u00eda instal\u00f3 la Comisi\u00f3n de Salud que fungir\u00e1 en la Sexag\u00e9sima Novena Legislatura y tom\u00f3 la protesta de ley a las diputadas: Mar\u00eda Roselia Jim\u00e9nez P\u00e9rez, Erika Paola Mendoza Salda\u00f1a, Elvira Catalina Aguiar \u00c1lvarez, Valeria Santiago Barrientos, Sahara Munira Jos\u00e9 Flores y Andrea Negr\u00f3n S\u00e1nchez.<\/p>\n\n\n\n<p>En el acto protocolario realizado en la sala de usos m\u00faltiples \u201cFidelia Brindis Camacho\u201d y contando con la presencia, como invitados de honor, del presidente de la Mesa Directiva, Luis Ignacio Avenda\u00f1o Berm\u00fadez y el secretario de Salud, Francisco Arturo Mariscal Ochoa, la legisladora se\u00f1al\u00f3 que trabajar\u00e1n en conjunto para impulsar pol\u00edticas p\u00fablicas que fortalezcan, de manera integral, la infraestructura en materia de salud.<\/p>\n\n\n\n<p>\u201cEn esta nueva era fortaleceremos el acceso a los servicios p\u00fablicos para el bienestar de la poblaci\u00f3n; informar, gestionar, prevenir y atender enfermedades, gestionar emergencias sanitarias y controlar los riesgos y los da\u00f1os a la salud de la ciudadan\u00eda\u201d, apunt\u00f3.<\/p>\n\n\n\n<p>En suma, detall\u00f3 Abud Garc\u00eda, coordinaremos acciones para implementar pol\u00edticas p\u00fablicas en materia de salud, con respeto a los derechos humanos, con eficacia, calidad y justicia.<\/p>\n\n\n\n<p>Como punto final de la agenda, la diputada Mar\u00eda Roselia Jim\u00e9nez P\u00e9rez instal\u00f3 los trabajos de la Comisi\u00f3n de Postulaci\u00f3n de la Medalla Rosario Castellanos, y atendiendo el mandato de Ley del Congreso del Estado, tom\u00f3 protesta a las y los diputados que integran el \u00f3rgano parlamentario: Silvia Esther Arg\u00fcello Garc\u00eda, Luis Ignacio Avenda\u00f1o Berm\u00fadez, Mar\u00eda Reyes Diego G\u00f3mez y Juan Salvador Camacho Velasco.<\/p>\n\n\n\n<p>Al hacer uso de la palabra, la diputada Mar\u00eda Roselia Jim\u00e9nez P\u00e9rez destac\u00f3 la trayectoria de la escritora comiteca Rosario Castellanos, por ello dijo: \u201cMediante decreto n\u00famero 263 de fecha 5 de noviembre de 2004, el Congreso del Estado de Chiapas instituy\u00f3 la postulaci\u00f3n de la Medalla Rosario Castellanos, cuya convocatoria establece premiar a los hombres y mujeres mexicanos, quienes se hayan distinguido por sus contribuciones al desarrollo de la ciencia, el arte o por su virtud, en grado eminente, como servidores de nuestro estado, de la patria o de la humanidad\u201d.<\/p>\n\n\n\n<p>La Medalla Rosario Castellanos es el m\u00e1ximo galard\u00f3n que entrega el Poder Legislativo. Cada propuesta deber\u00e1 contener la carta de presentaci\u00f3n con exposici\u00f3n de motivos, una carta de aceptaci\u00f3n del o de la candidata para participar y en su caso recibir la presea de manos del gobernador de nuestro estado.<\/p>\n\n\n\n<p>Han recibido dicha presea: Fern\u00e1n Pav\u00eda Farrera, Elena Poniatowska Amor, Beatriz Paredes Rangel, Kyra N\u00fa\u00f1ez de Le\u00f3n-Johnsson, Oscar Oliva Ru\u00edz, \u00c1ngeles Mastretta Guzm\u00e1n, Guadalupe Loaeza Tovar, Enrique Krauze Kleinbort, Petrona de la Cruz Cruz; Silvia Ramos Hern\u00e1ndez, Antun Kojtom Lam, Roberto Antonio G\u00f3mez Alfaro y Fanny L\u00f3pez Jim\u00e9nez.<\/p>\n","protected":false},"excerpt":{"rendered":"<p>Tuxtla Guti\u00e9rrez, Chiapas; 20 de octubre de 2024.- Para el Gobierno Federal y el pr\u00f3ximo Gobierno Estatal, la vivienda es uno de los programas prioritarios, se\u00f1al\u00f3 el diputado Jos\u00e9 de Jes\u00fas Dom\u00ednguez Castellanos, al tomar la protesta de ley a los diputados que integran la Comisi\u00f3n de Vivienda y dejar formalmente instalados los trabajos de [&hellip;]<\/p>\n","protected":false},"author":1,"featured_media":90380,"comment_status":"closed","ping_status":"closed","sticky":false,"template":"","format":"standard","meta":{"footnotes":""},"categories":[3],"tags":[],"class_list":["post-90377","post","type-post","status-publish","format-standard","has-post-thumbnail","hentry","category-estatal"],"_links":{"self":[{"href":"https:\/\/elobservadorzonanorte.com.mx\/index.php?rest_route=\/wp\/v2\/posts\/90377","targetHints":{"allow":["GET"]}}],"collection":[{"href":"https:\/\/elobservadorzonanorte.com.mx\/index.php?rest_route=\/wp\/v2\/posts"}],"about":[{"href":"https:\/\/elobservadorzonanorte.com.mx\/index.php?rest_route=\/wp\/v2\/types\/post"}],"author":[{"embeddable":true,"href":"https:\/\/elobservadorzonanorte.com.mx\/index.php?rest_route=\/wp\/v2\/users\/1"}],"replies":[{"embeddable":true,"href":"https:\/\/elobservadorzonanorte.com.mx\/index.php?rest_route=%2Fwp%2Fv2%2Fcomments&post=90377"}],"version-history":[{"count":0,"href":"https:\/\/elobservadorzonanorte.com.mx\/index.php?rest_route=\/wp\/v2\/posts\/90377\/revisions"}],"wp:featuredmedia":[{"embeddable":true,"href":"https:\/\/elobservadorzonanorte.com.mx\/index.php?rest_route=\/wp\/v2\/media\/90380"}],"wp:attachment":[{"href":"https:\/\/elobservadorzonanorte.com.mx\/index.php?rest_route=%2Fwp%2Fv2%2Fmedia&parent=90377"}],"wp:term":[{"taxonomy":"category","embeddable":true,"href":"https:\/\/elobservadorzonanorte.com.mx\/index.php?rest_route=%2Fwp%2Fv2%2Fcategories&post=90377"},{"taxonomy":"post_tag","embeddable":true,"href":"https:\/\/elobservadorzonanorte.com.mx\/index.php?rest_route=%2Fwp%2Fv2%2Ftags&post=90377"}],"curies":[{"name":"wp","href":"https:\/\/api.w.org\/{rel}","templated":true}]}}