{"id":90355,"date":"2024-10-21T04:06:53","date_gmt":"2024-10-21T04:06:53","guid":{"rendered":"https:\/\/elobservadorzonanorte.com.mx\/?p=90355"},"modified":"2024-10-21T04:06:54","modified_gmt":"2024-10-21T04:06:54","slug":"atencion-juarez-autoridades-anuncian-corte-de-energia-para-hoy-domingo","status":"publish","type":"post","link":"https:\/\/elobservadorzonanorte.com.mx\/?p=90355","title":{"rendered":"Atenci\u00f3n Ju\u00e1rez, autoridades anuncian corte de energ\u00eda para HOY DOMINGO"},"content":{"rendered":"\n<figure class=\"wp-block-image size-full\"><img decoding=\"async\" width=\"526\" height=\"680\" src=\"https:\/\/elobservadorzonanorte.com.mx\/wp-content\/uploads\/2024\/10\/463958085_2825618157607161_1368018642366343357_n.jpg\" alt=\"\" class=\"wp-image-90356\"\/><\/figure>\n\n\n\n<p>SUSPENSI\u00d3N TEMPORAL DEL SERVICIO DE ENERG\u00cdA EL\u00c9CTRICA EN DIVERSAS LOCALIDADES<\/p>\n\n\n\n<p>El gobierno municipal que encabeza el Oscar Serra Cantoral, en coordinaci\u00f3n con la Secretar\u00eda Municipal de Protecci\u00f3n Civil, informa a la ciudadan\u00eda que, debido a fallas el\u00e9ctricas en la l\u00ednea proveniente de Pichucalco, el servicio de energ\u00eda el\u00e9ctrica ser\u00e1 interrumpido temporalmente en algunas \u00e1reas de la cabecera municipal y en <a><\/a>diversas localidades.<\/p>\n\n\n\n<p>Las comunidades afectadas por esta suspensi\u00f3n son Morelos 2da. Secc., Asunci\u00f3n Puente Seco, El Triunfo (El Llano), Pueblo Ju\u00e1rez, Belisario Dom\u00ednguez, Nicol\u00e1s Bravo 1ra. Secc., Nicol\u00e1s Bravo 2da. Secc. y Manzanillo. Se estima que la interrupci\u00f3n del suministro tendr\u00e1 una duraci\u00f3n aproximada de tres horas el d\u00eda de hoy, iniciando a partir de las 9:00 a.m.<\/p>\n\n\n\n<p>El gobierno municipal y la Secretar\u00eda de Protecci\u00f3n Civil exhortan a los habitantes de las zonas mencionadas a tomar las medidas necesarias para mitigar los inconvenientes que esta situaci\u00f3n pueda generar. Agradecemos de antemano la comprensi\u00f3n de la poblaci\u00f3n ante este imprevisto, y reiteramos nuestro compromiso de mantener informada a la ciudadan\u00eda sobre el restablecimiento del servicio y cualquier otra medida que sea necesaria para garantizar el bienestar de todos.<\/p>\n\n\n\n<p><a href=\"https:\/\/www.facebook.com\/hashtag\/sigamoshaci%C3%A9ndolojuntos?__eep__=6&amp;__cft__[0]=AZXxCq4ATYalRiwSq1iiwFZ6AIMhYHxkytkiOWEGTtmiUVYusm7cSF7DN1yYfMUu9oqQPUxlrAizG9TH8BzUD4e38nCidClQ8WAjRckcQnEIUAS_RS-77rwoexLk2oaMehZfhoHu0Vp91dSlmlmpQb2pxCEXMNxBMysInaY4FYPE2Q67Kq-N8qfANCXQto8psuRGtAW_XZZtHv1kMi_3rENY&amp;__tn__=*NK-R\" target=\"_blank\" rel=\"noopener\">#SigamosHaci\u00e9ndoloJuntos<\/a><\/p>\n","protected":false},"excerpt":{"rendered":"<p>SUSPENSI\u00d3N TEMPORAL DEL SERVICIO DE ENERG\u00cdA EL\u00c9CTRICA EN DIVERSAS LOCALIDADES El gobierno municipal que encabeza el Oscar Serra Cantoral, en coordinaci\u00f3n con la Secretar\u00eda Municipal de Protecci\u00f3n Civil, informa a la ciudadan\u00eda que, debido a fallas el\u00e9ctricas en la l\u00ednea proveniente de Pichucalco, el servicio de energ\u00eda el\u00e9ctrica ser\u00e1 interrumpido temporalmente en algunas \u00e1reas de [&hellip;]<\/p>\n","protected":false},"author":1,"featured_media":90356,"comment_status":"closed","ping_status":"closed","sticky":false,"template":"","format":"standard","meta":{"footnotes":""},"categories":[3],"tags":[],"class_list":["post-90355","post","type-post","status-publish","format-standard","has-post-thumbnail","hentry","category-estatal"],"_links":{"self":[{"href":"https:\/\/elobservadorzonanorte.com.mx\/index.php?rest_route=\/wp\/v2\/posts\/90355","targetHints":{"allow":["GET"]}}],"collection":[{"href":"https:\/\/elobservadorzonanorte.com.mx\/index.php?rest_route=\/wp\/v2\/posts"}],"about":[{"href":"https:\/\/elobservadorzonanorte.com.mx\/index.php?rest_route=\/wp\/v2\/types\/post"}],"author":[{"embeddable":true,"href":"https:\/\/elobservadorzonanorte.com.mx\/index.php?rest_route=\/wp\/v2\/users\/1"}],"replies":[{"embeddable":true,"href":"https:\/\/elobservadorzonanorte.com.mx\/index.php?rest_route=%2Fwp%2Fv2%2Fcomments&post=90355"}],"version-history":[{"count":0,"href":"https:\/\/elobservadorzonanorte.com.mx\/index.php?rest_route=\/wp\/v2\/posts\/90355\/revisions"}],"wp:featuredmedia":[{"embeddable":true,"href":"https:\/\/elobservadorzonanorte.com.mx\/index.php?rest_route=\/wp\/v2\/media\/90356"}],"wp:attachment":[{"href":"https:\/\/elobservadorzonanorte.com.mx\/index.php?rest_route=%2Fwp%2Fv2%2Fmedia&parent=90355"}],"wp:term":[{"taxonomy":"category","embeddable":true,"href":"https:\/\/elobservadorzonanorte.com.mx\/index.php?rest_route=%2Fwp%2Fv2%2Fcategories&post=90355"},{"taxonomy":"post_tag","embeddable":true,"href":"https:\/\/elobservadorzonanorte.com.mx\/index.php?rest_route=%2Fwp%2Fv2%2Ftags&post=90355"}],"curies":[{"name":"wp","href":"https:\/\/api.w.org\/{rel}","templated":true}]}}