{"id":90339,"date":"2024-10-21T04:04:41","date_gmt":"2024-10-21T04:04:41","guid":{"rendered":"https:\/\/elobservadorzonanorte.com.mx\/?p=90339"},"modified":"2024-10-21T04:04:42","modified_gmt":"2024-10-21T04:04:42","slug":"recuperamos-un-parque-mas-ahora-el-noquis-angel-torres","status":"publish","type":"post","link":"https:\/\/elobservadorzonanorte.com.mx\/?p=90339","title":{"rendered":"*Recuperamos un parque m\u00e1s, ahora el \u201cNoquis\u201d: Angel Torres*"},"content":{"rendered":"\n<figure class=\"wp-block-image size-full\"><img decoding=\"async\" width=\"593\" height=\"395\" src=\"https:\/\/elobservadorzonanorte.com.mx\/wp-content\/uploads\/2024\/10\/464171848_2824928377676139_3931503254320817826_n.jpg\" alt=\"\" class=\"wp-image-90342\"\/><\/figure>\n\n\n\n<div class=\"wp-block-cover\"><span aria-hidden=\"true\" class=\"wp-block-cover__background has-background-dim\"><\/span><img decoding=\"async\" width=\"593\" height=\"395\" class=\"wp-block-cover__image-background wp-image-90341\" alt=\"\" src=\"https:\/\/elobservadorzonanorte.com.mx\/wp-content\/uploads\/2024\/10\/463953923_2824928324342811_8614739390956339417_n.jpg\" data-object-fit=\"cover\"\/><div class=\"wp-block-cover__inner-container is-layout-flow wp-block-cover-is-layout-flow\">\n<p class=\"has-text-align-center has-large-font-size\"><\/p>\n<\/div><\/div>\n\n\n\n<figure class=\"wp-block-image size-full\"><img decoding=\"async\" width=\"593\" height=\"395\" src=\"https:\/\/elobservadorzonanorte.com.mx\/wp-content\/uploads\/2024\/10\/463925915_2824928294342814_7446130411242356194_n.jpg\" alt=\"\" class=\"wp-image-90340\"\/><\/figure>\n\n\n\n<p>\u2022 Como parte del Plan Tuxtla 4T que contempla la recuperaci\u00f3n de espacios p\u00fablicos en beneficio de las familias capitalinas<\/p>\n\n\n\n<p>Con el objetivo de tener espacios dignos en beneficio de ni\u00f1as, ni\u00f1os y j\u00f3venes, el presidente municipal de Tuxtla Guti\u00e9rrez, Angel Torres, encabez\u00f3 la limpieza, mantenimiento y rehabilitaci\u00f3n del Parque Noquis, en la colonia Canteras, como parte del compromiso de recuperar los espacios p\u00fablicos <a><\/a>de la capital chiapaneca.<\/p>\n\n\n\n<p>Al reconocer a las y los trabajadores del Ayuntamiento que d\u00eda a d\u00eda se ponen alma, coraz\u00f3n y vida por un tener un mejor Tuxtla, el alcalde capitalino destac\u00f3 la importancia de que las y los vecinos, se apropien de su parque, que lo cuiden, que lo mantengan limpio, porque, dijo, es de ustedes.<\/p>\n\n\n\n<p>Acompa\u00f1ado de artistas, Angel Torres a\u00f1adi\u00f3 que en coordinaci\u00f3n con las secretar\u00edas de Servicios Municipales, Protecci\u00f3n Civil y de Desarrollo Social y Educaci\u00f3n, continuar\u00e1n con trabajos de rescate de espacios p\u00fablicos, como el parque de la colonia Shank\u00e1, donde resalt\u00f3 la participaci\u00f3n de las familias.<\/p>\n","protected":false},"excerpt":{"rendered":"<p>\u2022 Como parte del Plan Tuxtla 4T que contempla la recuperaci\u00f3n de espacios p\u00fablicos en beneficio de las familias capitalinas Con el objetivo de tener espacios dignos en beneficio de ni\u00f1as, ni\u00f1os y j\u00f3venes, el presidente municipal de Tuxtla Guti\u00e9rrez, Angel Torres, encabez\u00f3 la limpieza, mantenimiento y rehabilitaci\u00f3n del Parque Noquis, en la colonia Canteras, [&hellip;]<\/p>\n","protected":false},"author":1,"featured_media":90341,"comment_status":"closed","ping_status":"closed","sticky":false,"template":"","format":"standard","meta":{"footnotes":""},"categories":[3],"tags":[],"class_list":["post-90339","post","type-post","status-publish","format-standard","has-post-thumbnail","hentry","category-estatal"],"_links":{"self":[{"href":"https:\/\/elobservadorzonanorte.com.mx\/index.php?rest_route=\/wp\/v2\/posts\/90339","targetHints":{"allow":["GET"]}}],"collection":[{"href":"https:\/\/elobservadorzonanorte.com.mx\/index.php?rest_route=\/wp\/v2\/posts"}],"about":[{"href":"https:\/\/elobservadorzonanorte.com.mx\/index.php?rest_route=\/wp\/v2\/types\/post"}],"author":[{"embeddable":true,"href":"https:\/\/elobservadorzonanorte.com.mx\/index.php?rest_route=\/wp\/v2\/users\/1"}],"replies":[{"embeddable":true,"href":"https:\/\/elobservadorzonanorte.com.mx\/index.php?rest_route=%2Fwp%2Fv2%2Fcomments&post=90339"}],"version-history":[{"count":0,"href":"https:\/\/elobservadorzonanorte.com.mx\/index.php?rest_route=\/wp\/v2\/posts\/90339\/revisions"}],"wp:featuredmedia":[{"embeddable":true,"href":"https:\/\/elobservadorzonanorte.com.mx\/index.php?rest_route=\/wp\/v2\/media\/90341"}],"wp:attachment":[{"href":"https:\/\/elobservadorzonanorte.com.mx\/index.php?rest_route=%2Fwp%2Fv2%2Fmedia&parent=90339"}],"wp:term":[{"taxonomy":"category","embeddable":true,"href":"https:\/\/elobservadorzonanorte.com.mx\/index.php?rest_route=%2Fwp%2Fv2%2Fcategories&post=90339"},{"taxonomy":"post_tag","embeddable":true,"href":"https:\/\/elobservadorzonanorte.com.mx\/index.php?rest_route=%2Fwp%2Fv2%2Ftags&post=90339"}],"curies":[{"name":"wp","href":"https:\/\/api.w.org\/{rel}","templated":true}]}}