{"id":90334,"date":"2024-10-21T04:04:11","date_gmt":"2024-10-21T04:04:11","guid":{"rendered":"https:\/\/elobservadorzonanorte.com.mx\/?p=90334"},"modified":"2024-10-21T04:04:11","modified_gmt":"2024-10-21T04:04:11","slug":"el-gobierno-de-pichucalco-y-proteccion-civil-mantienen-vigilancia-en-las-zonas-bajas-del-municipio","status":"publish","type":"post","link":"https:\/\/elobservadorzonanorte.com.mx\/?p=90334","title":{"rendered":"El Gobierno de Pichucalco y Protecci\u00f3n Civil mantienen vigilancia en las zonas bajas del municipio"},"content":{"rendered":"\n<figure class=\"wp-block-image size-full\"><img decoding=\"async\" width=\"600\" height=\"450\" src=\"https:\/\/elobservadorzonanorte.com.mx\/wp-content\/uploads\/2024\/10\/463925457_2824925231009787_5401410941025051915_n.jpg\" alt=\"\" class=\"wp-image-90337\"\/><\/figure>\n\n\n\n<figure class=\"wp-block-image size-full\"><img decoding=\"async\" width=\"600\" height=\"450\" src=\"https:\/\/elobservadorzonanorte.com.mx\/wp-content\/uploads\/2024\/10\/464012638_2824925187676458_4853283880500857131_n.jpg\" alt=\"\" class=\"wp-image-90336\"\/><\/figure>\n\n\n\n<figure class=\"wp-block-image size-full\"><img decoding=\"async\" width=\"600\" height=\"450\" src=\"https:\/\/elobservadorzonanorte.com.mx\/wp-content\/uploads\/2024\/10\/464124534_2824925137676463_1826838736325794214_n.jpg\" alt=\"\" class=\"wp-image-90335\"\/><\/figure>\n\n\n\n<p>Verificando viviendas en San Carlos y el Charco, donde las inundaciones alcanzan hasta un metro. Junto con Seguridad P\u00fablica Municipal, ayudan a las familias a reubicar enseres y mitigar p\u00e9rdidas debido al frente fr\u00edo No. 4 y la depresi\u00f3n tropical Nadine.<\/p>\n\n\n\n<p>El Alcalde Andr\u00e9s Carballo C\u00f3rdova, comprometido con salvaguardar la integridad de las y los Pichucalque\u00f1os recomienda estar <a><\/a>alerta en todo momento, si est\u00e1 en riesgo llamar al 911.<\/p>\n\n\n\n<p>La Protecci\u00f3n Civil la Hacemos Todos<\/p>\n","protected":false},"excerpt":{"rendered":"<p>Verificando viviendas en San Carlos y el Charco, donde las inundaciones alcanzan hasta un metro. Junto con Seguridad P\u00fablica Municipal, ayudan a las familias a reubicar enseres y mitigar p\u00e9rdidas debido al frente fr\u00edo No. 4 y la depresi\u00f3n tropical Nadine. El Alcalde Andr\u00e9s Carballo C\u00f3rdova, comprometido con salvaguardar la integridad de las y los [&hellip;]<\/p>\n","protected":false},"author":1,"featured_media":90337,"comment_status":"closed","ping_status":"closed","sticky":false,"template":"","format":"standard","meta":{"footnotes":""},"categories":[4],"tags":[],"class_list":["post-90334","post","type-post","status-publish","format-standard","has-post-thumbnail","hentry","category-regional"],"_links":{"self":[{"href":"https:\/\/elobservadorzonanorte.com.mx\/index.php?rest_route=\/wp\/v2\/posts\/90334","targetHints":{"allow":["GET"]}}],"collection":[{"href":"https:\/\/elobservadorzonanorte.com.mx\/index.php?rest_route=\/wp\/v2\/posts"}],"about":[{"href":"https:\/\/elobservadorzonanorte.com.mx\/index.php?rest_route=\/wp\/v2\/types\/post"}],"author":[{"embeddable":true,"href":"https:\/\/elobservadorzonanorte.com.mx\/index.php?rest_route=\/wp\/v2\/users\/1"}],"replies":[{"embeddable":true,"href":"https:\/\/elobservadorzonanorte.com.mx\/index.php?rest_route=%2Fwp%2Fv2%2Fcomments&post=90334"}],"version-history":[{"count":0,"href":"https:\/\/elobservadorzonanorte.com.mx\/index.php?rest_route=\/wp\/v2\/posts\/90334\/revisions"}],"wp:featuredmedia":[{"embeddable":true,"href":"https:\/\/elobservadorzonanorte.com.mx\/index.php?rest_route=\/wp\/v2\/media\/90337"}],"wp:attachment":[{"href":"https:\/\/elobservadorzonanorte.com.mx\/index.php?rest_route=%2Fwp%2Fv2%2Fmedia&parent=90334"}],"wp:term":[{"taxonomy":"category","embeddable":true,"href":"https:\/\/elobservadorzonanorte.com.mx\/index.php?rest_route=%2Fwp%2Fv2%2Fcategories&post=90334"},{"taxonomy":"post_tag","embeddable":true,"href":"https:\/\/elobservadorzonanorte.com.mx\/index.php?rest_route=%2Fwp%2Fv2%2Ftags&post=90334"}],"curies":[{"name":"wp","href":"https:\/\/api.w.org\/{rel}","templated":true}]}}