{"id":90317,"date":"2024-10-21T04:01:58","date_gmt":"2024-10-21T04:01:58","guid":{"rendered":"https:\/\/elobservadorzonanorte.com.mx\/?p=90317"},"modified":"2024-10-21T04:01:58","modified_gmt":"2024-10-21T04:01:58","slug":"rutilio-escandon-beneficia-a-comunidades-de-reforma-con-el-puente-cristo-rey","status":"publish","type":"post","link":"https:\/\/elobservadorzonanorte.com.mx\/?p=90317","title":{"rendered":"*Rutilio Escand\u00f3n beneficia a comunidades de Reforma con el puente Cristo Rey*"},"content":{"rendered":"\n<figure class=\"wp-block-image size-full\"><img decoding=\"async\" width=\"596\" height=\"414\" src=\"https:\/\/elobservadorzonanorte.com.mx\/wp-content\/uploads\/2024\/10\/464044852_2824791147689862_8278172350379235543_n.jpg\" alt=\"\" class=\"wp-image-90320\"\/><\/figure>\n\n\n\n<figure class=\"wp-block-image size-full\"><img decoding=\"async\" width=\"590\" height=\"395\" src=\"https:\/\/elobservadorzonanorte.com.mx\/wp-content\/uploads\/2024\/10\/464107390_2824790987689878_7808714958653196872_n.jpg\" alt=\"\" class=\"wp-image-90319\"\/><\/figure>\n\n\n\n<div class=\"wp-block-cover\"><span aria-hidden=\"true\" class=\"wp-block-cover__background has-background-dim\"><\/span><img decoding=\"async\" width=\"600\" height=\"395\" class=\"wp-block-cover__image-background wp-image-90318\" alt=\"\" src=\"https:\/\/elobservadorzonanorte.com.mx\/wp-content\/uploads\/2024\/10\/463925461_2824790547689922_1902744083489770607_n.jpg\" data-object-fit=\"cover\"\/><div class=\"wp-block-cover__inner-container is-layout-flow wp-block-cover-is-layout-flow\">\n<p class=\"has-text-align-center has-large-font-size\"><\/p>\n<\/div><\/div>\n\n\n\n<p>\u2022 El gobernador resalt\u00f3 que esta obra, donde se invirtieron 24 mdp, favorece la conexi\u00f3n y el traslado de personas y productos<\/p>\n\n\n\n<p>\u2022 Se construyeron 35 metros lineales con la capacidad de soportar veh\u00edculos de pasaje y transportes de alto tonelaje<\/p>\n\n\n\n<p>En <a><\/a>la inauguraci\u00f3n del puente Aldama-Cristo Rey-San Jos\u00e9 Limoncito, en el municipio de Reforma, el gobernador Rutilio Escand\u00f3n Cadenas resalt\u00f3 que esta obra, donde se invirtieron 24 millones de pesos, beneficia a distintas comunidades en su conexi\u00f3n y el traslado de personas y productos.<\/p>\n\n\n\n<p>\u201cEra una justa demanda de las y los habitantes de estas comunidades, comunica partes muy importantes, tanto del municipio de Reforma como con nuestro vecino estado de Tabasco. Facilitar\u00e1 el acceso de los veh\u00edculos, podr\u00e1n comercializar sus productos, viajar para ir de compras, pero, sobre todo, para atender necesidades de salud y de educaci\u00f3n\u201d, apunt\u00f3.<\/p>\n\n\n\n<p>Luego de mencionar que este puente se construy\u00f3 con concreto hidr\u00e1ulico y acero, Escand\u00f3n Cadenas asegur\u00f3 que regresar\u00e1 a Reforma a inaugurar el Deportivo, que ya est\u00e1 listo, as\u00ed como otras obras en municipios de la zona Norte, una regi\u00f3n donde se han invertido miles de millones de pesos para su desarrollo.<\/p>\n\n\n\n<p>\u201cAhora el dinero se distribuye de manera democr\u00e1tica y se invierte en el pueblo. Hoy vemos un gobierno que ha cumplido, y \u00e9sta no es solamente una infraestructura m\u00e1s, el puente comunica las esperanzas, los sue\u00f1os y las ilusiones de un gran pueblo trabajador que es Reforma\u201d, destac\u00f3.<\/p>\n\n\n\n<p>A su vez, el director de Proyectos de la Comisi\u00f3n de Caminos e Infraestructura Hidr\u00e1ulica, Jorge Ovando D\u00edaz, detall\u00f3 que debido a que este puente presentaba da\u00f1os estructurales en su cimentaci\u00f3n, se llev\u00f3 a cabo la reconstrucci\u00f3n de 35 metros lineales con un dise\u00f1o estructural, con la capacidad de soportar veh\u00edculos de pasaje y transportes de alto tonelaje, lo que favorecer\u00e1 la comunicaci\u00f3n de las zonas rurales con la cabecera municipal.<\/p>\n\n\n\n<p>Finalmente, el alcalde de Reforma, Pedro Ram\u00edrez Ramos, destac\u00f3 que la modernizaci\u00f3n integral de este puente vial, adem\u00e1s de mejorar la conectividad entre las comunidades, tambi\u00e9n facilitar\u00e1 y agilizar\u00e1 el traslado de las personas hacia la unidad m\u00e9dica del IMSS Bienestar. \u201cGracias por estas obras y por el compromiso social que ha tenido con Reforma\u201d.<\/p>\n\n\n\n<p>Asistieron: la presidenta de la Comisi\u00f3n de Desarrollo Urbano y Obras P\u00fablicas del Congreso del Estado, Alejandra G\u00f3mez Mendoza; as\u00ed como beneficiadas y beneficiados de las localidades de Aldama, Cristo Rey y San Jos\u00e9 Limoncito.<\/p>\n","protected":false},"excerpt":{"rendered":"<p>\u2022 El gobernador resalt\u00f3 que esta obra, donde se invirtieron 24 mdp, favorece la conexi\u00f3n y el traslado de personas y productos \u2022 Se construyeron 35 metros lineales con la capacidad de soportar veh\u00edculos de pasaje y transportes de alto tonelaje En la inauguraci\u00f3n del puente Aldama-Cristo Rey-San Jos\u00e9 Limoncito, en el municipio de Reforma, [&hellip;]<\/p>\n","protected":false},"author":1,"featured_media":90318,"comment_status":"closed","ping_status":"closed","sticky":false,"template":"","format":"standard","meta":{"footnotes":""},"categories":[3,4],"tags":[],"class_list":["post-90317","post","type-post","status-publish","format-standard","has-post-thumbnail","hentry","category-estatal","category-regional"],"_links":{"self":[{"href":"https:\/\/elobservadorzonanorte.com.mx\/index.php?rest_route=\/wp\/v2\/posts\/90317","targetHints":{"allow":["GET"]}}],"collection":[{"href":"https:\/\/elobservadorzonanorte.com.mx\/index.php?rest_route=\/wp\/v2\/posts"}],"about":[{"href":"https:\/\/elobservadorzonanorte.com.mx\/index.php?rest_route=\/wp\/v2\/types\/post"}],"author":[{"embeddable":true,"href":"https:\/\/elobservadorzonanorte.com.mx\/index.php?rest_route=\/wp\/v2\/users\/1"}],"replies":[{"embeddable":true,"href":"https:\/\/elobservadorzonanorte.com.mx\/index.php?rest_route=%2Fwp%2Fv2%2Fcomments&post=90317"}],"version-history":[{"count":0,"href":"https:\/\/elobservadorzonanorte.com.mx\/index.php?rest_route=\/wp\/v2\/posts\/90317\/revisions"}],"wp:featuredmedia":[{"embeddable":true,"href":"https:\/\/elobservadorzonanorte.com.mx\/index.php?rest_route=\/wp\/v2\/media\/90318"}],"wp:attachment":[{"href":"https:\/\/elobservadorzonanorte.com.mx\/index.php?rest_route=%2Fwp%2Fv2%2Fmedia&parent=90317"}],"wp:term":[{"taxonomy":"category","embeddable":true,"href":"https:\/\/elobservadorzonanorte.com.mx\/index.php?rest_route=%2Fwp%2Fv2%2Fcategories&post=90317"},{"taxonomy":"post_tag","embeddable":true,"href":"https:\/\/elobservadorzonanorte.com.mx\/index.php?rest_route=%2Fwp%2Fv2%2Ftags&post=90317"}],"curies":[{"name":"wp","href":"https:\/\/api.w.org\/{rel}","templated":true}]}}