{"id":90312,"date":"2024-10-21T04:01:24","date_gmt":"2024-10-21T04:01:24","guid":{"rendered":"https:\/\/elobservadorzonanorte.com.mx\/?p=90312"},"modified":"2024-10-21T04:01:25","modified_gmt":"2024-10-21T04:01:25","slug":"en-juarez-rutilio-escandon-inaugura-el-puente-vehicular-del-camino-santa-teresa-san-manuel","status":"publish","type":"post","link":"https:\/\/elobservadorzonanorte.com.mx\/?p=90312","title":{"rendered":"*En Ju\u00e1rez, Rutilio Escand\u00f3n inaugura el puente vehicular del camino Santa Teresa- San Manuel*"},"content":{"rendered":"\n<figure class=\"wp-block-image size-full\"><img decoding=\"async\" width=\"593\" height=\"395\" src=\"https:\/\/elobservadorzonanorte.com.mx\/wp-content\/uploads\/2024\/10\/464109512_2824787047690272_4670405469488283863_n.jpg\" alt=\"\" class=\"wp-image-90315\"\/><\/figure>\n\n\n\n<figure class=\"wp-block-image size-full\"><img decoding=\"async\" width=\"593\" height=\"395\" src=\"https:\/\/elobservadorzonanorte.com.mx\/wp-content\/uploads\/2024\/10\/464045132_2824787241023586_2559395812780855400_n.jpg\" alt=\"\" class=\"wp-image-90314\"\/><\/figure>\n\n\n\n<figure class=\"wp-block-image size-full\"><img decoding=\"async\" width=\"592\" height=\"395\" src=\"https:\/\/elobservadorzonanorte.com.mx\/wp-content\/uploads\/2024\/10\/464004682_2824787034356940_2338634410764780869_n.jpg\" alt=\"\" class=\"wp-image-90313\"\/><\/figure>\n\n\n\n<p>\u2022 El gobernador destac\u00f3 que no solo es una obra de concreto, sino que representa la unidad y el fortalecimiento del bienestar y el progreso del municipio y de la Regi\u00f3n Norte<\/p>\n\n\n\n<p>\u2022 Subray\u00f3 que adem\u00e1s de brindar seguridad a quienes diariamente transitan por esta zona, tambi\u00e9n detona las actividades sociales, econ\u00f3micas y comerciales<\/p>\n\n\n\n<p>En <a><\/a>la inauguraci\u00f3n del puente vehicular del camino Santa Teresa-San Manuel, en la localidad Santa Teresa 1\u00aa Secci\u00f3n, del municipio de Ju\u00e1rez, que contempl\u00f3 una inversi\u00f3n de 21 millones de pesos, el gobernador Rutilio Escand\u00f3n Cadenas destac\u00f3 que no solo es una obra de concreto, sino que representa la unidad y el fortalecimiento del bienestar, el progreso y el crecimiento del \u00edndice de desarrollo humano de este municipio y de la regi\u00f3n Norte de Chiapas.<\/p>\n\n\n\n<p>\u201cEs satisfactorio estar juntos, pueblo y gobierno, para entregar esta obra tan importante para la poblaci\u00f3n, porque adem\u00e1s de brindar seguridad a quienes diariamente transitan por esta zona, detona las actividades sociales, econ\u00f3micas y comerciales. Este puente vehicular significa mucho para que las y los habitantes de Ju\u00e1rez tengan una mejor calidad de vida y puedan cumplir sus sue\u00f1os y leg\u00edtimas aspiraciones.\u201d, apunt\u00f3.<\/p>\n\n\n\n<p>Tras precisar que el Gobierno de la Cuarta Transformaci\u00f3n ha destinado de manera democr\u00e1tica el presupuesto p\u00fablico para garantizar la atenci\u00f3n de las necesidades m\u00e1s sensibles de la gente, el mandatario sostuvo que, hasta el \u00faltimo d\u00eda de su gobierno, trabajar\u00e1 junto a las autoridades del Ayuntamiento de Ju\u00e1rez, a fin de impulsar m\u00e1s obras y acciones en beneficio de las colonias, barrios, ejidos y rancher\u00edas del municipio.<\/p>\n\n\n\n<p>Escand\u00f3n Cadenas reconoci\u00f3 que con la presidenta de M\u00e9xico, Claudia Sheinbaum, y el pr\u00f3ximo gobernador del Estado, Eduardo Ram\u00edrez, Chiapas seguir\u00e1 caminando por el sendero del progreso, porque trabajar\u00e1n con responsabilidad, compromiso y amor al pueblo, as\u00ed como siempre lo hizo el presidente Andr\u00e9s Manuel L\u00f3pez Obrador.<\/p>\n\n\n\n<p>En tanto, el director de Proyectos de la Comisi\u00f3n de Caminos e Infraestructura Hidr\u00e1ulica, Jorge Ovando D\u00edaz, detall\u00f3 que con el mejoramiento de este puente vehicular de 30 metros lineales se facilitar\u00e1 la movilidad de las y los estudiantes, trabajadores, productores agr\u00edcolas y ganaderos, adem\u00e1s de detonar el desarrollo socioecon\u00f3mico de la regi\u00f3n.<\/p>\n\n\n\n<p>Exhort\u00f3 a la poblaci\u00f3n a mantenerlo en buenas condiciones mediante la limpieza de maleza y el desazolve del r\u00edo antes, durante y despu\u00e9s de la temporada de lluvias, pues de esta manera se evitar\u00e1n da\u00f1os en la estructura.<\/p>\n\n\n\n<p>El alcalde de Ju\u00e1rez, Oscar Serra Cantoral, agradeci\u00f3 al gobernador el apoyo que brinda a este municipio a trav\u00e9s de obras de salud, educaci\u00f3n, mercados p\u00fablicos, espacios recreativos, entre otros proyectos que elevan el progreso y la calidad de vida de las y los habitantes. \u201cEn este sexenio, la regi\u00f3n Norte no fue olvidada, muestra de ello son todas estas obras que ahora son el legado para las presentes y futuras generaciones\u201d.<\/p>\n\n\n\n<p>Estuvieron presentes: la presidenta de la Comisi\u00f3n de Desarrollo Urbano y Obras P\u00fablicas del Congreso del Estado, la diputada Alejandra G\u00f3mez Mendoza; el agente municipal de Rancher\u00eda Hidalgo, Regulo Montejo Baeza; la presidenta del DIF Municipal de Ju\u00e1rez, Sonia Calc\u00e1neo Montellano, as\u00ed como habitantes de las localidades de Santa Teresa, San Manuel y Rancher\u00eda Hidalgo.<\/p>\n","protected":false},"excerpt":{"rendered":"<p>\u2022 El gobernador destac\u00f3 que no solo es una obra de concreto, sino que representa la unidad y el fortalecimiento del bienestar y el progreso del municipio y de la Regi\u00f3n Norte \u2022 Subray\u00f3 que adem\u00e1s de brindar seguridad a quienes diariamente transitan por esta zona, tambi\u00e9n detona las actividades sociales, econ\u00f3micas y comerciales En [&hellip;]<\/p>\n","protected":false},"author":1,"featured_media":90315,"comment_status":"closed","ping_status":"closed","sticky":false,"template":"","format":"standard","meta":{"footnotes":""},"categories":[3,4],"tags":[],"class_list":["post-90312","post","type-post","status-publish","format-standard","has-post-thumbnail","hentry","category-estatal","category-regional"],"_links":{"self":[{"href":"https:\/\/elobservadorzonanorte.com.mx\/index.php?rest_route=\/wp\/v2\/posts\/90312","targetHints":{"allow":["GET"]}}],"collection":[{"href":"https:\/\/elobservadorzonanorte.com.mx\/index.php?rest_route=\/wp\/v2\/posts"}],"about":[{"href":"https:\/\/elobservadorzonanorte.com.mx\/index.php?rest_route=\/wp\/v2\/types\/post"}],"author":[{"embeddable":true,"href":"https:\/\/elobservadorzonanorte.com.mx\/index.php?rest_route=\/wp\/v2\/users\/1"}],"replies":[{"embeddable":true,"href":"https:\/\/elobservadorzonanorte.com.mx\/index.php?rest_route=%2Fwp%2Fv2%2Fcomments&post=90312"}],"version-history":[{"count":0,"href":"https:\/\/elobservadorzonanorte.com.mx\/index.php?rest_route=\/wp\/v2\/posts\/90312\/revisions"}],"wp:featuredmedia":[{"embeddable":true,"href":"https:\/\/elobservadorzonanorte.com.mx\/index.php?rest_route=\/wp\/v2\/media\/90315"}],"wp:attachment":[{"href":"https:\/\/elobservadorzonanorte.com.mx\/index.php?rest_route=%2Fwp%2Fv2%2Fmedia&parent=90312"}],"wp:term":[{"taxonomy":"category","embeddable":true,"href":"https:\/\/elobservadorzonanorte.com.mx\/index.php?rest_route=%2Fwp%2Fv2%2Fcategories&post=90312"},{"taxonomy":"post_tag","embeddable":true,"href":"https:\/\/elobservadorzonanorte.com.mx\/index.php?rest_route=%2Fwp%2Fv2%2Ftags&post=90312"}],"curies":[{"name":"wp","href":"https:\/\/api.w.org\/{rel}","templated":true}]}}