{"id":90291,"date":"2024-10-21T03:58:21","date_gmt":"2024-10-21T03:58:21","guid":{"rendered":"https:\/\/elobservadorzonanorte.com.mx\/?p=90291"},"modified":"2024-10-21T03:58:22","modified_gmt":"2024-10-21T03:58:22","slug":"el-gobierno-municipal-de-pichucalco-y-la-secretaria-de-proteccion-civil-dan-a-conocer-el-pronostico-del-tiempo","status":"publish","type":"post","link":"https:\/\/elobservadorzonanorte.com.mx\/?p=90291","title":{"rendered":"El Gobierno Municipal de Pichucalco y la Secretar\u00eda de Protecci\u00f3n Civil dan a conocer el pron\u00f3stico del tiempo"},"content":{"rendered":"\n<figure class=\"wp-block-image size-full\"><img decoding=\"async\" width=\"600\" height=\"526\" src=\"https:\/\/elobservadorzonanorte.com.mx\/wp-content\/uploads\/2024\/10\/463552361_2824542804381363_6075142072072206293_n.jpg\" alt=\"\" class=\"wp-image-90292\"\/><\/figure>\n\n\n\n<p>Se esperan <a href=\"https:\/\/www.facebook.com\/hashtag\/lluviastorrenciales?__eep__=6&amp;__cft__[0]=AZWrZ9RhonsFRp00cl4mwKQFLiM3d0Guo7pP62_emCBGdHIHJbTP6G_roPzAaX6JX2db3_BsYSQSPdBCvLALOm5CjPSPl-wtSCdtsFoLkHpoQ5YS9UVb4M9oXXuMlCecvPnZ3Tcc4Y7XkYpNCzQH3HuCZ2qq4WrJbrTr60sjEQTzcBFLIY7YCqNj0ywxcROw9rk7QBjTn6fUYp5GjMOmXxtL&amp;__tn__=*NK-R\" target=\"_blank\" rel=\"noopener\">#LluviasTorrenciales<\/a> en las regiones Norte, De los Bosques, Maya, Tulij\u00e1 Tseltal Chol y Selva Lacandona; as\u00ed como <a href=\"https:\/\/www.facebook.com\/hashtag\/lluviasintensas?__eep__=6&amp;__cft__[0]=AZWrZ9RhonsFRp00cl4mwKQFLiM3d0Guo7pP62_emCBGdHIHJbTP6G_roPzAaX6JX2db3_BsYSQSPdBCvLALOm5CjPSPl-wtSCdtsFoLkHpoQ5YS9UVb4M9oXXuMlCecvPnZ3Tcc4Y7XkYpNCzQH3HuCZ2qq4WrJbrTr60sjEQTzcBFLIY7YCqNj0ywxcROw9rk7QBjTn6fUYp5GjMOmXxtL&amp;__tn__=*NK-R\" target=\"_blank\" rel=\"noopener\">#LluviasIntensas<\/a> en las regiones Mezcalapa y Valles Zoque. Para el resto de la entidad se prev\u00e9 <a href=\"https:\/\/www.facebook.com\/hashtag\/lluvias?__eep__=6&amp;__cft__[0]=AZWrZ9RhonsFRp00cl4mwKQFLiM3d0Guo7pP62_emCBGdHIHJbTP6G_roPzAaX6JX2db3_BsYSQSPdBCvLALOm5CjPSPl-wtSCdtsFoLkHpoQ5YS9UVb4M9oXXuMlCecvPnZ3Tcc4Y7XkYpNCzQH3HuCZ2qq4WrJbrTr60sjEQTzcBFLIY7YCqNj0ywxcROw9rk7QBjTn6fUYp5GjMOmXxtL&amp;__tn__=*NK-R\" target=\"_blank\" rel=\"noopener\">#Lluvias<\/a> fuertes a muy fuertes.<\/p>\n\n\n\n<p>Sigue las indicaciones de las autoridades ante una <a href=\"https:\/\/www.facebook.com\/hashtag\/evacuaci%C3%B3n?__eep__=6&amp;__cft__[0]=AZWrZ9RhonsFRp00cl4mwKQFLiM3d0Guo7pP62_emCBGdHIHJbTP6G_roPzAaX6JX2db3_BsYSQSPdBCvLALOm5CjPSPl-wtSCdtsFoLkHpoQ5YS9UVb4M9oXXuMlCecvPnZ3Tcc4Y7XkYpNCzQH3HuCZ2qq4WrJbrTr60sjEQTzcBFLIY7YCqNj0ywxcROw9rk7QBjTn6fUYp5GjMOmXxtL&amp;__tn__=*NK-R\" target=\"_blank\" rel=\"noopener\">#Evacuaci\u00f3n<\/a> preventiva.<\/p>\n\n\n\n<p>Si <a><\/a>vives en zona de <a href=\"https:\/\/www.facebook.com\/hashtag\/riesgo?__eep__=6&amp;__cft__[0]=AZWrZ9RhonsFRp00cl4mwKQFLiM3d0Guo7pP62_emCBGdHIHJbTP6G_roPzAaX6JX2db3_BsYSQSPdBCvLALOm5CjPSPl-wtSCdtsFoLkHpoQ5YS9UVb4M9oXXuMlCecvPnZ3Tcc4Y7XkYpNCzQH3HuCZ2qq4WrJbrTr60sjEQTzcBFLIY7YCqNj0ywxcROw9rk7QBjTn6fUYp5GjMOmXxtL&amp;__tn__=*NK-R\" target=\"_blank\" rel=\"noopener\">#Riesgo<\/a>, ve a un lugar seguro o <a href=\"https:\/\/www.facebook.com\/hashtag\/refugiotemporal?__eep__=6&amp;__cft__[0]=AZWrZ9RhonsFRp00cl4mwKQFLiM3d0Guo7pP62_emCBGdHIHJbTP6G_roPzAaX6JX2db3_BsYSQSPdBCvLALOm5CjPSPl-wtSCdtsFoLkHpoQ5YS9UVb4M9oXXuMlCecvPnZ3Tcc4Y7XkYpNCzQH3HuCZ2qq4WrJbrTr60sjEQTzcBFLIY7YCqNj0ywxcROw9rk7QBjTn6fUYp5GjMOmXxtL&amp;__tn__=*NK-R\" target=\"_blank\" rel=\"noopener\">#RefugioTemporal<\/a>.<\/p>\n\n\n\n<p>\u00a1Reporta <a href=\"https:\/\/www.facebook.com\/hashtag\/emergencias?__eep__=6&amp;__cft__[0]=AZWrZ9RhonsFRp00cl4mwKQFLiM3d0Guo7pP62_emCBGdHIHJbTP6G_roPzAaX6JX2db3_BsYSQSPdBCvLALOm5CjPSPl-wtSCdtsFoLkHpoQ5YS9UVb4M9oXXuMlCecvPnZ3Tcc4Y7XkYpNCzQH3HuCZ2qq4WrJbrTr60sjEQTzcBFLIY7YCqNj0ywxcROw9rk7QBjTn6fUYp5GjMOmXxtL&amp;__tn__=*NK-R\" target=\"_blank\" rel=\"noopener\">#Emergencias<\/a> al 911!<\/p>\n\n\n\n<p>La Protecci\u00f3n Civil la Hacemos Todos.<\/p>\n","protected":false},"excerpt":{"rendered":"<p>Se esperan #LluviasTorrenciales en las regiones Norte, De los Bosques, Maya, Tulij\u00e1 Tseltal Chol y Selva Lacandona; as\u00ed como #LluviasIntensas en las regiones Mezcalapa y Valles Zoque. Para el resto de la entidad se prev\u00e9 #Lluvias fuertes a muy fuertes. Sigue las indicaciones de las autoridades ante una #Evacuaci\u00f3n preventiva. Si vives en zona de [&hellip;]<\/p>\n","protected":false},"author":1,"featured_media":90292,"comment_status":"closed","ping_status":"closed","sticky":false,"template":"","format":"standard","meta":{"footnotes":""},"categories":[4],"tags":[],"class_list":["post-90291","post","type-post","status-publish","format-standard","has-post-thumbnail","hentry","category-regional"],"_links":{"self":[{"href":"https:\/\/elobservadorzonanorte.com.mx\/index.php?rest_route=\/wp\/v2\/posts\/90291","targetHints":{"allow":["GET"]}}],"collection":[{"href":"https:\/\/elobservadorzonanorte.com.mx\/index.php?rest_route=\/wp\/v2\/posts"}],"about":[{"href":"https:\/\/elobservadorzonanorte.com.mx\/index.php?rest_route=\/wp\/v2\/types\/post"}],"author":[{"embeddable":true,"href":"https:\/\/elobservadorzonanorte.com.mx\/index.php?rest_route=\/wp\/v2\/users\/1"}],"replies":[{"embeddable":true,"href":"https:\/\/elobservadorzonanorte.com.mx\/index.php?rest_route=%2Fwp%2Fv2%2Fcomments&post=90291"}],"version-history":[{"count":0,"href":"https:\/\/elobservadorzonanorte.com.mx\/index.php?rest_route=\/wp\/v2\/posts\/90291\/revisions"}],"wp:featuredmedia":[{"embeddable":true,"href":"https:\/\/elobservadorzonanorte.com.mx\/index.php?rest_route=\/wp\/v2\/media\/90292"}],"wp:attachment":[{"href":"https:\/\/elobservadorzonanorte.com.mx\/index.php?rest_route=%2Fwp%2Fv2%2Fmedia&parent=90291"}],"wp:term":[{"taxonomy":"category","embeddable":true,"href":"https:\/\/elobservadorzonanorte.com.mx\/index.php?rest_route=%2Fwp%2Fv2%2Fcategories&post=90291"},{"taxonomy":"post_tag","embeddable":true,"href":"https:\/\/elobservadorzonanorte.com.mx\/index.php?rest_route=%2Fwp%2Fv2%2Ftags&post=90291"}],"curies":[{"name":"wp","href":"https:\/\/api.w.org\/{rel}","templated":true}]}}