{"id":90286,"date":"2024-10-21T03:58:02","date_gmt":"2024-10-21T03:58:02","guid":{"rendered":"https:\/\/elobservadorzonanorte.com.mx\/?p=90286"},"modified":"2024-10-21T03:58:02","modified_gmt":"2024-10-21T03:58:02","slug":"personal-de-proteccion-civil-pichucalco-dan-alertamiento-por-lluvias-a-pobladores-ubicados-en-zonas-vulnerables","status":"publish","type":"post","link":"https:\/\/elobservadorzonanorte.com.mx\/?p=90286","title":{"rendered":"Personal de Protecci\u00f3n Civil Pichucalco dan alertamiento por lluvias a pobladores ubicados en zonas vulnerables"},"content":{"rendered":"\n<figure class=\"wp-block-image size-full\"><img decoding=\"async\" width=\"600\" height=\"450\" src=\"https:\/\/elobservadorzonanorte.com.mx\/wp-content\/uploads\/2024\/10\/463916174_2824332677735709_8683084544671632424_n.jpg\" alt=\"\" class=\"wp-image-90289\"\/><\/figure>\n\n\n\n<figure class=\"wp-block-image size-full\"><img decoding=\"async\" width=\"600\" height=\"450\" src=\"https:\/\/elobservadorzonanorte.com.mx\/wp-content\/uploads\/2024\/10\/464012967_2824332631069047_8249150186976346057_n.jpg\" alt=\"\" class=\"wp-image-90288\"\/><\/figure>\n\n\n\n<figure class=\"wp-block-image size-full\"><img decoding=\"async\" width=\"600\" height=\"450\" src=\"https:\/\/elobservadorzonanorte.com.mx\/wp-content\/uploads\/2024\/10\/463875926_2824332601069050_2518119870445291687_n.jpg\" alt=\"\" class=\"wp-image-90287\"\/><\/figure>\n\n\n\n<p>El Gobierno de Pichucalco, qu\u00e9 preside Andr\u00e9s Carballo C\u00f3rdova, giro instrucciones al personal de la Secretaria de Protecci\u00f3n Civil Municipal para realizar alertamiento por la presencia de lluvias provocadas por el frente fr\u00edo n\u00famero 4.<\/p>\n\n\n\n<p>Durante el trayecto por las \u00e1reas m\u00e1s vulnerables de la cabecera municipal, se inform\u00f3 las ubicaciones de los refugios temporales <a><\/a>y se procedi\u00f3 a la actualizaci\u00f3n del <a href=\"https:\/\/www.facebook.com\/hashtag\/proceda?__eep__=6&amp;__cft__[0]=AZXctofXgWqONSrnrd_QcTOsoQjedZc42YcYaWLHMEFLMAN7Dh0TH4xnMjV-ocWwORsZuiafzKMzEb2ib9tHpJ4pqBWq5q34BThbz18OWDnTkUjtm3zax0SCrpMGEsUapg8-84u9uvqdkR1vTC5H-f_eKHCN6K-xPb2w5-onP-FrdUnjl4E3jBfQjzimNcqgZRpByRhHlJy_Wt2OwYfqPsuf&amp;__tn__=*NK-R\" target=\"_blank\" rel=\"noopener\">#Proceda<\/a>. Estas acciones se llevaron a cabo en colaboraci\u00f3n con los miembros del equipo de Respuesta Inmediata de la Secretaria de Protecci\u00f3n Civil del Gobierno del Estado.<\/p>\n\n\n\n<p>El alcalde, Andr\u00e9s Carballo C\u00f3rdova, se encuentra comprometido con preservar la integridad de las y los Pichucalque\u00f1os, y recomienda mantenerse al tanto en todo momento, si est\u00e1 en riesgo de llamar al 911.<\/p>\n\n\n\n<p>La Protecci\u00f3n Civil la Hacemos Todos<\/p>\n","protected":false},"excerpt":{"rendered":"<p>El Gobierno de Pichucalco, qu\u00e9 preside Andr\u00e9s Carballo C\u00f3rdova, giro instrucciones al personal de la Secretaria de Protecci\u00f3n Civil Municipal para realizar alertamiento por la presencia de lluvias provocadas por el frente fr\u00edo n\u00famero 4. Durante el trayecto por las \u00e1reas m\u00e1s vulnerables de la cabecera municipal, se inform\u00f3 las ubicaciones de los refugios temporales [&hellip;]<\/p>\n","protected":false},"author":1,"featured_media":90289,"comment_status":"closed","ping_status":"closed","sticky":false,"template":"","format":"standard","meta":{"footnotes":""},"categories":[4],"tags":[],"class_list":["post-90286","post","type-post","status-publish","format-standard","has-post-thumbnail","hentry","category-regional"],"_links":{"self":[{"href":"https:\/\/elobservadorzonanorte.com.mx\/index.php?rest_route=\/wp\/v2\/posts\/90286","targetHints":{"allow":["GET"]}}],"collection":[{"href":"https:\/\/elobservadorzonanorte.com.mx\/index.php?rest_route=\/wp\/v2\/posts"}],"about":[{"href":"https:\/\/elobservadorzonanorte.com.mx\/index.php?rest_route=\/wp\/v2\/types\/post"}],"author":[{"embeddable":true,"href":"https:\/\/elobservadorzonanorte.com.mx\/index.php?rest_route=\/wp\/v2\/users\/1"}],"replies":[{"embeddable":true,"href":"https:\/\/elobservadorzonanorte.com.mx\/index.php?rest_route=%2Fwp%2Fv2%2Fcomments&post=90286"}],"version-history":[{"count":0,"href":"https:\/\/elobservadorzonanorte.com.mx\/index.php?rest_route=\/wp\/v2\/posts\/90286\/revisions"}],"wp:featuredmedia":[{"embeddable":true,"href":"https:\/\/elobservadorzonanorte.com.mx\/index.php?rest_route=\/wp\/v2\/media\/90289"}],"wp:attachment":[{"href":"https:\/\/elobservadorzonanorte.com.mx\/index.php?rest_route=%2Fwp%2Fv2%2Fmedia&parent=90286"}],"wp:term":[{"taxonomy":"category","embeddable":true,"href":"https:\/\/elobservadorzonanorte.com.mx\/index.php?rest_route=%2Fwp%2Fv2%2Fcategories&post=90286"},{"taxonomy":"post_tag","embeddable":true,"href":"https:\/\/elobservadorzonanorte.com.mx\/index.php?rest_route=%2Fwp%2Fv2%2Ftags&post=90286"}],"curies":[{"name":"wp","href":"https:\/\/api.w.org\/{rel}","templated":true}]}}