{"id":151995,"date":"2026-09-05T05:22:01","date_gmt":"2026-09-05T05:22:01","guid":{"rendered":"https:\/\/elobservadorzonanorte.com.mx\/?p=151995"},"modified":"2026-09-05T05:22:02","modified_gmt":"2026-09-05T05:22:02","slug":"paco-chacon-invita-a-las-familias-de-tuxtla-a-la-expo-animalista-entre-huellas-y-bigotes","status":"publish","type":"post","link":"https:\/\/elobservadorzonanorte.com.mx\/?p=151995","title":{"rendered":"Paco Chac\u00f3n invita a las familias de Tuxtla a la Expo Animalista \u201cEntre Huellas y Bigotes\u201d"},"content":{"rendered":"\n<figure class=\"wp-block-image size-large\"><img decoding=\"async\" width=\"388\" height=\"600\" src=\"https:\/\/elobservadorzonanorte.com.mx\/wp-content\/uploads\/2026\/09\/imagen-146-388x600.png\" alt=\"\" class=\"wp-image-152040\" srcset=\"https:\/\/elobservadorzonanorte.com.mx\/wp-content\/uploads\/2026\/09\/imagen-146-388x600.png 388w, https:\/\/elobservadorzonanorte.com.mx\/wp-content\/uploads\/2026\/09\/imagen-146-194x300.png 194w, https:\/\/elobservadorzonanorte.com.mx\/wp-content\/uploads\/2026\/09\/imagen-146.png 526w\" sizes=\"(max-width: 388px) 100vw, 388px\" \/><\/figure>\n\n\n\n<p class=\"wp-block-paragraph\">\u2022 La cita es este domingo 6 de septiembre, a partir de las 4:00 de la tarde, en el Parque Bicentenario<\/p>\n\n\n\n<p class=\"wp-block-paragraph\">\u2022 Registra a tu mascota en el concurso de disfraces: <a href=\"https:\/\/l.facebook.com\/l.php?u=https%3A%2F%2Fshsmo.org.mx%2Fexpo-animalista%3Ffbclid%3DIwcGRvZgFleHRuA2FlbQIxMABicmlkETFnSmtrcVVKejc5Wkh5bTh0c3J0YwZhcHBfaWQQMjIyMDM5MTc4ODIwMDg5MgABHjMarTcbO9oocm7HPAgZtXaXquyjlHTC1yIfmZZe37dXc-ziZ7m9QJrTBKUH_aem_puW8rGwin040GYnNwNJTYA&amp;h=AUDhoaAIEa2iVDISj1ss4g62aK78aikPsC9OWfzBdqIAG-Qr2kby3Fuas17oNK9R0ckKKFaIKzjZ2Ug-4kMbB5EljRpn6xofuvVUAQ3BNWQ6uKrahXX852nanoD53b6SNJ_V1513mhCKWunt&amp;__tn__=-UK-R&amp;c[0]=AUB8gIROfRL3lVCj60RZptkx69SjJhyUactNJqWr3PGq4KbgOEzcuv_FhAOJNkvV-tpqRChwcaiexSp9uXug-y5K9EZIguEDfbz467Kg6PjU3VDARGeLJhR-UgxcJpKuqn4UvPZPlA2YA5jjYeGYrY0RRPjJtWSDqLB3-7GmhuzsjfyTufvO4cjQot-t5j74VwxoH2Xih_2ZDY7nENF-A0Ig7g\" rel=\"noreferrer noopener\" target=\"_blank\">https:\/\/shsmo.org.mx\/expo-animalista<\/a><\/p>\n\n\n\n<p class=\"wp-block-paragraph\">El secretario del Humanismo, Paco Chac\u00f3n, en coordinaci\u00f3n con organizaciones y representantes de la sociedad civil, invita a las familias tuxtlecas a disfrutar este domingo de la Expo Animalista \u201cEntre Huellas y Bigotes\u201d, un encuentro pensado para convivir en familia y promover el cuidado y la protecci\u00f3n de los animales.<\/p>\n\n\n\n<p class=\"wp-block-paragraph\">La cita es este domingo 6 de septiembre, a partir de las 4:00 de la tarde, en el Parque Bicentenario, donde las familias podr\u00e1n disfrutar de una tarde con diversas actividades, entre ellas pasarela de adopci\u00f3n, concurso de disfraces para mascotas, vacunas antirr\u00e1bicas gratuitas, exhibiciones caninas, demostraci\u00f3n de binomios caninos, ventas con causa y pl\u00e1ticas sobre tenencia responsable y fauna silvestre.<\/p>\n\n\n\n<p class=\"wp-block-paragraph\">Paco Chac\u00f3n destac\u00f3 que esta Expo busca generar un espacio de convivencia familiar y, al mismo tiempo, fortalecer una cultura de cuidado, adopci\u00f3n y responsabilidad hacia los animales.<\/p>\n\n\n\n<p class=\"wp-block-paragraph\">Como parte de las actividades, las familias podr\u00e1n participar para ganar la esterilizaci\u00f3n de su mascota. Adem\u00e1s, quienes quieran sumarse a esta causa podr\u00e1n donar alimento o productos de limpieza para apoyar la labor que realizan asociaciones y rescatistas. \u201cEn el caso del alimento, se solicita que sea entregado en bolsas selladas y en su empaque original, por razones de higiene y seguridad\u201d, detall\u00f3.<\/p>\n\n\n\n<p class=\"wp-block-paragraph\">La entrada es libre y quienes deseen participar en el concurso de disfraces pueden registrar a su mascota en <a href=\"https:\/\/shsmo.org.mx\/expo-animalista?fbclid=IwcGRvZgFleHRuA2FlbQIxMABicmlkETFnSmtrcVVKejc5Wkh5bTh0c3J0YwZhcHBfaWQQMjIyMDM5MTc4ODIwMDg5MgABHlxIxzcX13sMGnE_ZFJO8DB768IYjfMbpON3XIw7kymexxW7AU9mfe1eIePE_aem_ycQgW3eK6WjcfsGJ-D1zbQ\" rel=\"noreferrer noopener\" target=\"_blank\">https:\/\/shsmo.org.mx\/expo-animalista<\/a>.<\/p>\n\n\n\n<p class=\"wp-block-paragraph\">La Expo Animalista \u201cEntre Huellas y Bigotes\u201d ser\u00e1 tambi\u00e9n una oportunidad para reconocer y respaldar la labor de asociaciones y rescatistas que trabajan todos los d\u00edas por el cuidado y la protecci\u00f3n de los animales, concluy\u00f3.<\/p>\n\n\n\n<p class=\"wp-block-paragraph\">V<\/p>\n","protected":false},"excerpt":{"rendered":"<p>\u2022 La cita es este domingo 6 de septiembre, a partir de las 4:00 de la tarde, en el Parque Bicentenario \u2022 Registra a tu mascota en el concurso de disfraces: https:\/\/shsmo.org.mx\/expo-animalista El secretario del Humanismo, Paco Chac\u00f3n, en coordinaci\u00f3n con organizaciones y representantes de la sociedad civil, invita a las familias tuxtlecas a disfrutar [&hellip;]<\/p>\n","protected":false},"author":1,"featured_media":152040,"comment_status":"closed","ping_status":"closed","sticky":false,"template":"","format":"standard","meta":{"footnotes":""},"categories":[1],"tags":[],"class_list":["post-151995","post","type-post","status-publish","format-standard","has-post-thumbnail","hentry","category-general"],"_links":{"self":[{"href":"https:\/\/elobservadorzonanorte.com.mx\/index.php?rest_route=\/wp\/v2\/posts\/151995","targetHints":{"allow":["GET"]}}],"collection":[{"href":"https:\/\/elobservadorzonanorte.com.mx\/index.php?rest_route=\/wp\/v2\/posts"}],"about":[{"href":"https:\/\/elobservadorzonanorte.com.mx\/index.php?rest_route=\/wp\/v2\/types\/post"}],"author":[{"embeddable":true,"href":"https:\/\/elobservadorzonanorte.com.mx\/index.php?rest_route=\/wp\/v2\/users\/1"}],"replies":[{"embeddable":true,"href":"https:\/\/elobservadorzonanorte.com.mx\/index.php?rest_route=%2Fwp%2Fv2%2Fcomments&post=151995"}],"version-history":[{"count":1,"href":"https:\/\/elobservadorzonanorte.com.mx\/index.php?rest_route=\/wp\/v2\/posts\/151995\/revisions"}],"predecessor-version":[{"id":152041,"href":"https:\/\/elobservadorzonanorte.com.mx\/index.php?rest_route=\/wp\/v2\/posts\/151995\/revisions\/152041"}],"wp:featuredmedia":[{"embeddable":true,"href":"https:\/\/elobservadorzonanorte.com.mx\/index.php?rest_route=\/wp\/v2\/media\/152040"}],"wp:attachment":[{"href":"https:\/\/elobservadorzonanorte.com.mx\/index.php?rest_route=%2Fwp%2Fv2%2Fmedia&parent=151995"}],"wp:term":[{"taxonomy":"category","embeddable":true,"href":"https:\/\/elobservadorzonanorte.com.mx\/index.php?rest_route=%2Fwp%2Fv2%2Fcategories&post=151995"},{"taxonomy":"post_tag","embeddable":true,"href":"https:\/\/elobservadorzonanorte.com.mx\/index.php?rest_route=%2Fwp%2Fv2%2Ftags&post=151995"}],"curies":[{"name":"wp","href":"https:\/\/api.w.org\/{rel}","templated":true}]}}