{"id":151993,"date":"2026-09-05T05:21:15","date_gmt":"2026-09-05T05:21:15","guid":{"rendered":"https:\/\/elobservadorzonanorte.com.mx\/?p=151993"},"modified":"2026-09-05T05:21:16","modified_gmt":"2026-09-05T05:21:16","slug":"cobach-cumple-con-prestacion-de-apoyo-para-lentes-y-fortalece-bienestar-de-su-comunidad-trabajadora","status":"publish","type":"post","link":"https:\/\/elobservadorzonanorte.com.mx\/?p=151993","title":{"rendered":"Cobach cumple con prestaci\u00f3n de apoyo para lentes y fortalece bienestar de su comunidad trabajadora"},"content":{"rendered":"\n<figure class=\"wp-block-image size-large\"><img decoding=\"async\" width=\"600\" height=\"400\" src=\"https:\/\/elobservadorzonanorte.com.mx\/wp-content\/uploads\/2026\/09\/imagen-144-600x400.png\" alt=\"\" class=\"wp-image-152036\" srcset=\"https:\/\/elobservadorzonanorte.com.mx\/wp-content\/uploads\/2026\/09\/imagen-144-600x400.png 600w, https:\/\/elobservadorzonanorte.com.mx\/wp-content\/uploads\/2026\/09\/imagen-144-300x200.png 300w, https:\/\/elobservadorzonanorte.com.mx\/wp-content\/uploads\/2026\/09\/imagen-144-768x512.png 768w, https:\/\/elobservadorzonanorte.com.mx\/wp-content\/uploads\/2026\/09\/imagen-144.png 810w\" sizes=\"(max-width: 600px) 100vw, 600px\" \/><\/figure>\n\n\n\n<p class=\"wp-block-paragraph\">\u2022 Con una inversi\u00f3n de nueve millones 675 mil pesos se benefici\u00f3 a tres mil 225 trabajadoras y trabajadores sindicalizados y no sindicalizados<\/p>\n\n\n\n<p class=\"wp-block-paragraph\">Tuxtla Guti\u00e9rrez, Chiapas.- Con el prop\u00f3sito de contribuir al bienestar y atender necesidades a\u00f1ejas de su comunidad trabajadora, el Colegio de Bachilleres de Chiapas (Cobach) realiz\u00f3 la entrega de la prestaci\u00f3n de apoyo para lentes correspondiente al ejercicio 2025, en cumplimiento de los derechos laborales y como parte de las acciones emprendidas para fortalecer las condiciones de quienes integran la instituci\u00f3n.<\/p>\n\n\n\n<p class=\"wp-block-paragraph\">Durante el acto, la directora general del Cobach, Viridiana Figueroa Garc\u00eda, destac\u00f3 que fortalecer las prestaciones laborales significa tambi\u00e9n generar mejores condiciones de bienestar para quienes, desde sus diferentes responsabilidades, contribuyen diariamente al funcionamiento y crecimiento de la instituci\u00f3n.<\/p>\n\n\n\n<p class=\"wp-block-paragraph\">En este sentido, subray\u00f3 que la recuperaci\u00f3n y cumplimiento de prestaciones representan resultados concretos derivados del proceso de ordenamiento administrativo que impulsa su gesti\u00f3n, con responsabilidad y respeto a los derechos de las y los trabajadores.<\/p>\n\n\n\n<p class=\"wp-block-paragraph\">\u201cLo que hoy entregamos, esta prestaci\u00f3n de lentes que no se otorgaba desde 2024, es prueba de que ese trabajo, aunque dif\u00edcil, es posible. Y es posible porque no lo hacemos solas ni solos: contamos con el respaldo del gobernador Eduardo Ram\u00edrez Aguilar, quien deposit\u00f3 su confianza en esta administraci\u00f3n para que el Cobach se ordene con seriedad. Esa confianza no se traiciona con discursos; se corresponde con resultados, y eso es lo que venimos a mostrarles hoy: resultados\u201d, detall\u00f3.<\/p>\n\n\n\n<p class=\"wp-block-paragraph\">Esta prestaci\u00f3n representa una inversi\u00f3n total de nueve millones 675 mil pesos, en beneficio de tres mil 225 trabajadoras y trabajadores, tanto sindicalizados como no sindicalizados, quienes cumplieron con los criterios de elegibilidad establecidos.<\/p>\n\n\n\n<p class=\"wp-block-paragraph\">La entrega forma parte de la continuidad de las prestaciones anunciadas el pasado 25 de agosto, con las que el Cobach refrenda su compromiso de avanzar en el cumplimiento de los derechos laborales y en la atenci\u00f3n de las necesidades de su comunidad trabajadora.<\/p>\n\n\n\n<p class=\"wp-block-paragraph\">Durante la entrega estuvieron presentes la directora de Administraci\u00f3n y Finanzas, Rosa Isela Robledo Gonz\u00e1lez; el secretario general del Suicobach, Esdras Humberto de Le\u00f3n Pinto; as\u00ed como Claire Viridiana Ovando Lara, docente del plantel 13 Tuxtla Oriente y beneficiaria de esta prestaci\u00f3n.<\/p>\n","protected":false},"excerpt":{"rendered":"<p>\u2022 Con una inversi\u00f3n de nueve millones 675 mil pesos se benefici\u00f3 a tres mil 225 trabajadoras y trabajadores sindicalizados y no sindicalizados Tuxtla Guti\u00e9rrez, Chiapas.- Con el prop\u00f3sito de contribuir al bienestar y atender necesidades a\u00f1ejas de su comunidad trabajadora, el Colegio de Bachilleres de Chiapas (Cobach) realiz\u00f3 la entrega de la prestaci\u00f3n de [&hellip;]<\/p>\n","protected":false},"author":1,"featured_media":152036,"comment_status":"closed","ping_status":"closed","sticky":false,"template":"","format":"standard","meta":{"footnotes":""},"categories":[1],"tags":[],"class_list":["post-151993","post","type-post","status-publish","format-standard","has-post-thumbnail","hentry","category-general"],"_links":{"self":[{"href":"https:\/\/elobservadorzonanorte.com.mx\/index.php?rest_route=\/wp\/v2\/posts\/151993","targetHints":{"allow":["GET"]}}],"collection":[{"href":"https:\/\/elobservadorzonanorte.com.mx\/index.php?rest_route=\/wp\/v2\/posts"}],"about":[{"href":"https:\/\/elobservadorzonanorte.com.mx\/index.php?rest_route=\/wp\/v2\/types\/post"}],"author":[{"embeddable":true,"href":"https:\/\/elobservadorzonanorte.com.mx\/index.php?rest_route=\/wp\/v2\/users\/1"}],"replies":[{"embeddable":true,"href":"https:\/\/elobservadorzonanorte.com.mx\/index.php?rest_route=%2Fwp%2Fv2%2Fcomments&post=151993"}],"version-history":[{"count":1,"href":"https:\/\/elobservadorzonanorte.com.mx\/index.php?rest_route=\/wp\/v2\/posts\/151993\/revisions"}],"predecessor-version":[{"id":152037,"href":"https:\/\/elobservadorzonanorte.com.mx\/index.php?rest_route=\/wp\/v2\/posts\/151993\/revisions\/152037"}],"wp:featuredmedia":[{"embeddable":true,"href":"https:\/\/elobservadorzonanorte.com.mx\/index.php?rest_route=\/wp\/v2\/media\/152036"}],"wp:attachment":[{"href":"https:\/\/elobservadorzonanorte.com.mx\/index.php?rest_route=%2Fwp%2Fv2%2Fmedia&parent=151993"}],"wp:term":[{"taxonomy":"category","embeddable":true,"href":"https:\/\/elobservadorzonanorte.com.mx\/index.php?rest_route=%2Fwp%2Fv2%2Fcategories&post=151993"},{"taxonomy":"post_tag","embeddable":true,"href":"https:\/\/elobservadorzonanorte.com.mx\/index.php?rest_route=%2Fwp%2Fv2%2Ftags&post=151993"}],"curies":[{"name":"wp","href":"https:\/\/api.w.org\/{rel}","templated":true}]}}