{"id":151991,"date":"2026-09-05T05:20:40","date_gmt":"2026-09-05T05:20:40","guid":{"rendered":"https:\/\/elobservadorzonanorte.com.mx\/?p=151991"},"modified":"2026-09-05T05:20:40","modified_gmt":"2026-09-05T05:20:40","slug":"gran-cabalgata-ej-llanos-de-morelos-2","status":"publish","type":"post","link":"https:\/\/elobservadorzonanorte.com.mx\/?p=151991","title":{"rendered":"\u00a1Gran Cabalgata Ej. Llanos de Morelos!"},"content":{"rendered":"\n<figure class=\"wp-block-image size-large\"><img decoding=\"async\" width=\"402\" height=\"600\" src=\"https:\/\/elobservadorzonanorte.com.mx\/wp-content\/uploads\/2026\/09\/imagen-142-402x600.png\" alt=\"\" class=\"wp-image-152032\" srcset=\"https:\/\/elobservadorzonanorte.com.mx\/wp-content\/uploads\/2026\/09\/imagen-142-402x600.png 402w, https:\/\/elobservadorzonanorte.com.mx\/wp-content\/uploads\/2026\/09\/imagen-142-201x300.png 201w, https:\/\/elobservadorzonanorte.com.mx\/wp-content\/uploads\/2026\/09\/imagen-142.png 526w\" sizes=\"(max-width: 402px) 100vw, 402px\" \/><\/figure>\n\n\n\n<p class=\"wp-block-paragraph\">El H. Ayuntamiento de Ixtapangajoya y las autoridades ejidales tienen el honor de invitarte a disfrutar de una espectacular Gran Cabalgata <img decoding=\"async\" height=\"16\" width=\"16\" src=\"https:\/\/static.xx.fbcdn.net\/images\/emoji.php\/v9\/t2d\/1\/16\/1f434.png\" alt=\"\ud83d\udc34\"><img decoding=\"async\" height=\"16\" width=\"16\" src=\"https:\/\/static.xx.fbcdn.net\/images\/emoji.php\/v9\/t50\/1\/16\/1f525.png\" alt=\"\ud83d\udd25\"><\/p>\n\n\n\n<p class=\"wp-block-paragraph\"><img decoding=\"async\" height=\"16\" width=\"16\" alt=\"\ud83d\udcc5\" src=\"https:\/\/static.xx.fbcdn.net\/images\/emoji.php\/v9\/t7e\/1\/16\/1f4c5.png\"> 5 de septiembre<\/p>\n\n\n\n<p class=\"wp-block-paragraph\"><img decoding=\"async\" height=\"16\" width=\"16\" alt=\"\u23f0\" src=\"https:\/\/static.xx.fbcdn.net\/images\/emoji.php\/v9\/t34\/1\/16\/23f0.png\"> 12:00 del d\u00eda<\/p>\n\n\n\n<p class=\"wp-block-paragraph\"><img decoding=\"async\" height=\"16\" width=\"16\" alt=\"\ud83d\udccd\" src=\"https:\/\/static.xx.fbcdn.net\/images\/emoji.php\/v9\/t2d\/1\/16\/1f4cd.png\"> Nicol\u00e1s Bravo 1era. Secci\u00f3n<\/p>\n\n\n\n<p class=\"wp-block-paragraph\"><img decoding=\"async\" height=\"16\" width=\"16\" alt=\"\ud83c\udfe1\" src=\"https:\/\/static.xx.fbcdn.net\/images\/emoji.php\/v9\/t77\/1\/16\/1f3e1.png\"> Rancho de Don Lorenzo P\u00e9rez<\/p>\n\n\n\n<p class=\"wp-block-paragraph\"><img decoding=\"async\" height=\"16\" width=\"16\" alt=\"\ud83c\udf89\" src=\"https:\/\/static.xx.fbcdn.net\/images\/emoji.php\/v9\/t8c\/1\/16\/1f389.png\"> Con motivo del 22.\u00ba Aniversario de la Feria Ej. LANOS DE MORELOS 2026, prep\u00e1rate para vivir una gran celebraci\u00f3n llena de tradici\u00f3n, m\u00fasica, alegr\u00eda y ambiente familiar.<\/p>\n\n\n\n<p class=\"wp-block-paragraph\"><img decoding=\"async\" height=\"16\" width=\"16\" alt=\"\ud83c\udf81\" src=\"https:\/\/static.xx.fbcdn.net\/images\/emoji.php\/v9\/t84\/1\/16\/1f381.png\"> \u00a1Habr\u00e1 regalos y sorpresas por parte del H. Ayuntamiento de Ixtapangajoya!<\/p>\n\n\n\n<p class=\"wp-block-paragraph\">\u00a1No faltes y s\u00e9 parte de esta gran fiesta! <img decoding=\"async\" height=\"16\" width=\"16\" alt=\"\ud83e\udd20\" src=\"https:\/\/static.xx.fbcdn.net\/images\/emoji.php\/v9\/tcf\/1\/16\/1f920.png\"><img decoding=\"async\" height=\"16\" width=\"16\" alt=\"\ud83d\udc0e\" src=\"https:\/\/static.xx.fbcdn.net\/images\/emoji.php\/v9\/t1\/1\/16\/1f40e.png\"><img decoding=\"async\" height=\"16\" width=\"16\" alt=\"\ud83c\udf8a\" src=\"https:\/\/static.xx.fbcdn.net\/images\/emoji.php\/v9\/tb4\/1\/16\/1f38a.png\"><\/p>\n","protected":false},"excerpt":{"rendered":"<p>El H. Ayuntamiento de Ixtapangajoya y las autoridades ejidales tienen el honor de invitarte a disfrutar de una espectacular Gran Cabalgata 5 de septiembre 12:00 del d\u00eda Nicol\u00e1s Bravo 1era. Secci\u00f3n Rancho de Don Lorenzo P\u00e9rez Con motivo del 22.\u00ba Aniversario de la Feria Ej. LANOS DE MORELOS 2026, prep\u00e1rate para vivir una gran celebraci\u00f3n [&hellip;]<\/p>\n","protected":false},"author":1,"featured_media":152032,"comment_status":"closed","ping_status":"closed","sticky":false,"template":"","format":"standard","meta":{"footnotes":""},"categories":[1],"tags":[],"class_list":["post-151991","post","type-post","status-publish","format-standard","has-post-thumbnail","hentry","category-general"],"_links":{"self":[{"href":"https:\/\/elobservadorzonanorte.com.mx\/index.php?rest_route=\/wp\/v2\/posts\/151991","targetHints":{"allow":["GET"]}}],"collection":[{"href":"https:\/\/elobservadorzonanorte.com.mx\/index.php?rest_route=\/wp\/v2\/posts"}],"about":[{"href":"https:\/\/elobservadorzonanorte.com.mx\/index.php?rest_route=\/wp\/v2\/types\/post"}],"author":[{"embeddable":true,"href":"https:\/\/elobservadorzonanorte.com.mx\/index.php?rest_route=\/wp\/v2\/users\/1"}],"replies":[{"embeddable":true,"href":"https:\/\/elobservadorzonanorte.com.mx\/index.php?rest_route=%2Fwp%2Fv2%2Fcomments&post=151991"}],"version-history":[{"count":1,"href":"https:\/\/elobservadorzonanorte.com.mx\/index.php?rest_route=\/wp\/v2\/posts\/151991\/revisions"}],"predecessor-version":[{"id":152033,"href":"https:\/\/elobservadorzonanorte.com.mx\/index.php?rest_route=\/wp\/v2\/posts\/151991\/revisions\/152033"}],"wp:featuredmedia":[{"embeddable":true,"href":"https:\/\/elobservadorzonanorte.com.mx\/index.php?rest_route=\/wp\/v2\/media\/152032"}],"wp:attachment":[{"href":"https:\/\/elobservadorzonanorte.com.mx\/index.php?rest_route=%2Fwp%2Fv2%2Fmedia&parent=151991"}],"wp:term":[{"taxonomy":"category","embeddable":true,"href":"https:\/\/elobservadorzonanorte.com.mx\/index.php?rest_route=%2Fwp%2Fv2%2Fcategories&post=151991"},{"taxonomy":"post_tag","embeddable":true,"href":"https:\/\/elobservadorzonanorte.com.mx\/index.php?rest_route=%2Fwp%2Fv2%2Ftags&post=151991"}],"curies":[{"name":"wp","href":"https:\/\/api.w.org\/{rel}","templated":true}]}}