{"id":151990,"date":"2026-09-05T05:19:57","date_gmt":"2026-09-05T05:19:57","guid":{"rendered":"https:\/\/elobservadorzonanorte.com.mx\/?p=151990"},"modified":"2026-09-05T05:19:57","modified_gmt":"2026-09-05T05:19:57","slug":"el-secretario-del-campo-marco-antonio-barba-arrocha-anuncio-creditos-agropecuarios-con-una-tasa-anual-subsidiada-del-5-por-ciento-en-pichucalco","status":"publish","type":"post","link":"https:\/\/elobservadorzonanorte.com.mx\/?p=151990","title":{"rendered":"El secretario del Campo, Marco Antonio Barba Arrocha, anunci\u00f3 cr\u00e9ditos agropecuarios con una tasa anual subsidiada del 5 por ciento en Pichucalco"},"content":{"rendered":"\n<figure class=\"wp-block-image size-full\"><img decoding=\"async\" width=\"590\" height=\"393\" src=\"https:\/\/elobservadorzonanorte.com.mx\/wp-content\/uploads\/2026\/09\/imagen-140.png\" alt=\"\" class=\"wp-image-152028\" srcset=\"https:\/\/elobservadorzonanorte.com.mx\/wp-content\/uploads\/2026\/09\/imagen-140.png 590w, https:\/\/elobservadorzonanorte.com.mx\/wp-content\/uploads\/2026\/09\/imagen-140-300x200.png 300w\" sizes=\"(max-width: 590px) 100vw, 590px\" \/><\/figure>\n\n\n\n<p class=\"wp-block-paragraph\">Destac\u00f3 que la pr\u00f3xima ser\u00e1 apertura de un programa de maquinaria, la cobertura de seguros ante siniestros y la reactivaci\u00f3n de la red regional de acopio de leche. Los anuncios fueron realizados durante el Encuentro Agropecuario y la Promoci\u00f3n de Cr\u00e9ditos Impulso al Campo, celebrados en Pichucalco.<\/p>\n\n\n\n<p class=\"wp-block-paragraph\">Acompa\u00f1ado por su esposa, Ver\u00f3nica Morales de Barba, presidenta del voluntariado Semillas de Esperanza de la Secretar\u00eda del Campo, Barba Arrocha explic\u00f3 que el esquema de financiamiento impulsado por el gobernador Eduardo Ram\u00edrez Aguilar permitir\u00e1 a mujeres y hombres del sector rural acceder a recursos en condiciones preferenciales.<\/p>\n\n\n\n<p class=\"wp-block-paragraph\">Afirm\u00f3 que Chiapas es la primera entidad del pa\u00eds en respaldar una tasa subsidiada de esa magnitud para actividades productivas.<\/p>\n\n\n\n<p class=\"wp-block-paragraph\">El titular de la Secretar\u00eda del Campo adelant\u00f3 que pr\u00f3ximamente se publicar\u00e1 la convocatoria para maquinaria y equipos nuevos, despu\u00e9s de dos d\u00e9cadas sin un programa de estas caracter\u00edsticas.<\/p>\n\n\n\n<p class=\"wp-block-paragraph\">Reiter\u00f3 la instrucci\u00f3n del gobernador de trabajar directamente con productores, ayuntamientos y organizaciones ganaderas. Inform\u00f3 que los seguros agr\u00edcola y ganadero cubrir\u00e1n p\u00e9rdidas por sequ\u00edas y otros fen\u00f3menos en cultivos de ma\u00edz, sorgo, cacao y caf\u00e9.<\/p>\n\n\n\n<p class=\"wp-block-paragraph\">Las indemnizaciones ser\u00e1n pagadas directamente a los productores mediante el Fondo de Aseguramiento de la Confederaci\u00f3n Nacional de Organizaciones Ganaderas.<\/p>\n\n\n\n<p class=\"wp-block-paragraph\">Ante la falta de agua, convoc\u00f3 a recuperar represas, conservar los suelos y reforestar. La dependencia acompa\u00f1ar\u00e1 a los productores de cacao, respaldar\u00e1 proyectos agroindustriales para mejorar la calidad y comercializaci\u00f3n de sus productos e impulsar\u00e1 la creaci\u00f3n del Museo del Cacao en Pichucalco.<\/p>\n\n\n\n<p class=\"wp-block-paragraph\">En sanidad animal, llam\u00f3 a participar en las campa\u00f1as coordinadas con Senasica, el Departamento de Agricultura de Estados Unidos y Tabasco. El objetivo es incorporar a Reforma, Ju\u00e1rez, Pichucalco, Ostuac\u00e1n y Sunuapa a una regi\u00f3n con reconocimiento sanitario internacional. Tambi\u00e9n adelant\u00f3 que en diciembre Chiapas contar\u00e1 con un centro de mejoramiento gen\u00e9tico para producir semen sexado.<\/p>\n\n\n\n<p class=\"wp-block-paragraph\">Barba Arrocha confirm\u00f3 que el centro de acopio de Liconsa en Ju\u00e1rez reabrir\u00e1 durante la primera quincena de octubre. Con ello se restablecer\u00e1n las rutas regionales de recolecci\u00f3n y se recibir\u00e1 leche de calidad a 11.50 pesos por litro.<\/p>\n\n\n\n<p class=\"wp-block-paragraph\">Respecto de las antiguas carteras de la Financiera Nacional de Desarrollo, inform\u00f3 que, por instrucciones de la presidenta Claudia Sheinbaum Pardo, podr\u00e1n cancelarse los cr\u00e9ditos comprendidos dentro de los montos autorizados; para adeudos mayores habr\u00e1 opciones de negociaci\u00f3n y pago. Las secretar\u00edas del Campo y de Econom\u00eda y del Trabajo promover\u00e1n el programa entre posibles beneficiarios.<\/p>\n\n\n\n<p class=\"wp-block-paragraph\">El secretario convoc\u00f3 a incorporar a m\u00e1s mujeres en los proyectos productivos, con el acompa\u00f1amiento del voluntariado Semillas de Esperanza. Tambi\u00e9n propuso realizar en Pichucalco un encuentro ganadero regional para mostrar la calidad gen\u00e9tica producida en el norte de Chiapas.<\/p>\n\n\n\n<p class=\"wp-block-paragraph\">Agradeci\u00f3 la hospitalidad del presidente municipal Andr\u00e9s Carballo C\u00f3rdova y reconoci\u00f3 la organizaci\u00f3n de Francisco Sarabia, presidente de la Asociaci\u00f3n Ganadera Local de Pichucalco.<\/p>\n","protected":false},"excerpt":{"rendered":"<p>Destac\u00f3 que la pr\u00f3xima ser\u00e1 apertura de un programa de maquinaria, la cobertura de seguros ante siniestros y la reactivaci\u00f3n de la red regional de acopio de leche. Los anuncios fueron realizados durante el Encuentro Agropecuario y la Promoci\u00f3n de Cr\u00e9ditos Impulso al Campo, celebrados en Pichucalco. Acompa\u00f1ado por su esposa, Ver\u00f3nica Morales de Barba, [&hellip;]<\/p>\n","protected":false},"author":1,"featured_media":152028,"comment_status":"closed","ping_status":"closed","sticky":false,"template":"","format":"standard","meta":{"footnotes":""},"categories":[1],"tags":[],"class_list":["post-151990","post","type-post","status-publish","format-standard","has-post-thumbnail","hentry","category-general"],"_links":{"self":[{"href":"https:\/\/elobservadorzonanorte.com.mx\/index.php?rest_route=\/wp\/v2\/posts\/151990","targetHints":{"allow":["GET"]}}],"collection":[{"href":"https:\/\/elobservadorzonanorte.com.mx\/index.php?rest_route=\/wp\/v2\/posts"}],"about":[{"href":"https:\/\/elobservadorzonanorte.com.mx\/index.php?rest_route=\/wp\/v2\/types\/post"}],"author":[{"embeddable":true,"href":"https:\/\/elobservadorzonanorte.com.mx\/index.php?rest_route=\/wp\/v2\/users\/1"}],"replies":[{"embeddable":true,"href":"https:\/\/elobservadorzonanorte.com.mx\/index.php?rest_route=%2Fwp%2Fv2%2Fcomments&post=151990"}],"version-history":[{"count":1,"href":"https:\/\/elobservadorzonanorte.com.mx\/index.php?rest_route=\/wp\/v2\/posts\/151990\/revisions"}],"predecessor-version":[{"id":152029,"href":"https:\/\/elobservadorzonanorte.com.mx\/index.php?rest_route=\/wp\/v2\/posts\/151990\/revisions\/152029"}],"wp:featuredmedia":[{"embeddable":true,"href":"https:\/\/elobservadorzonanorte.com.mx\/index.php?rest_route=\/wp\/v2\/media\/152028"}],"wp:attachment":[{"href":"https:\/\/elobservadorzonanorte.com.mx\/index.php?rest_route=%2Fwp%2Fv2%2Fmedia&parent=151990"}],"wp:term":[{"taxonomy":"category","embeddable":true,"href":"https:\/\/elobservadorzonanorte.com.mx\/index.php?rest_route=%2Fwp%2Fv2%2Fcategories&post=151990"},{"taxonomy":"post_tag","embeddable":true,"href":"https:\/\/elobservadorzonanorte.com.mx\/index.php?rest_route=%2Fwp%2Fv2%2Ftags&post=151990"}],"curies":[{"name":"wp","href":"https:\/\/api.w.org\/{rel}","templated":true}]}}