{"id":151988,"date":"2026-09-05T05:19:40","date_gmt":"2026-09-05T05:19:40","guid":{"rendered":"https:\/\/elobservadorzonanorte.com.mx\/?p=151988"},"modified":"2026-09-05T05:19:41","modified_gmt":"2026-09-05T05:19:41","slug":"eduardo-ramirez-y-unesco-alistan-celebracion-global-del-dia-internacional-de-la-alfabetizacion-en-chiapas","status":"publish","type":"post","link":"https:\/\/elobservadorzonanorte.com.mx\/?p=151988","title":{"rendered":"*Eduardo Ram\u00edrez y Unesco alistan Celebraci\u00f3n Global del D\u00eda Internacional de la Alfabetizaci\u00f3n en Chiapas*"},"content":{"rendered":"\n<figure class=\"wp-block-image size-full\"><img decoding=\"async\" width=\"590\" height=\"393\" src=\"https:\/\/elobservadorzonanorte.com.mx\/wp-content\/uploads\/2026\/09\/imagen-139.png\" alt=\"\" class=\"wp-image-152026\" srcset=\"https:\/\/elobservadorzonanorte.com.mx\/wp-content\/uploads\/2026\/09\/imagen-139.png 590w, https:\/\/elobservadorzonanorte.com.mx\/wp-content\/uploads\/2026\/09\/imagen-139-300x200.png 300w\" sizes=\"(max-width: 590px) 100vw, 590px\" \/><\/figure>\n\n\n\n<p class=\"wp-block-paragraph\">&#8211; El estado ser\u00e1 sede de los eventos que se llevar\u00e1n a cabo del 7 al 9 de septiembre<\/p>\n\n\n\n<p class=\"wp-block-paragraph\">En Tuxtla Guti\u00e9rrez, el gobernador Eduardo Ram\u00edrez Aguilar sostuvo una reuni\u00f3n de trabajo con el embajador y representante permanente de M\u00e9xico ante la Organizaci\u00f3n de las Naciones Unidas para la Educaci\u00f3n, la Ciencia y la Cultura (Unesco), Juan Antonio Ferrer Aguilar, y el ministro de la Delegaci\u00f3n Permanente de M\u00e9xico en la Unesco, Armando Ahued Ahedo, donde dialogaron sobre los eventos que se llevar\u00e1n a cabo del 7 al 9 de septiembre, en los que Chiapas ser\u00e1 sede de la Celebraci\u00f3n Global del D\u00eda Internacional de la Alfabetizaci\u00f3n 2027.<\/p>\n\n\n\n<p class=\"wp-block-paragraph\">Ram\u00edrez Aguilar valor\u00f3 el inter\u00e9s de la Unesco en las pol\u00edticas p\u00fablicas que su gobierno ha implementado en materia de alfabetizaci\u00f3n, mismas que est\u00e1n transformando vidas y llevando justicia social y humanismo a todos los rincones del estado. De igual forma, abord\u00f3 las acciones orientadas al cuidado del medio ambiente mediante la restauraci\u00f3n de microcuencas y la promoci\u00f3n del turismo de naturaleza, que contribuyen a la protecci\u00f3n de la madre tierra y la sustentabilidad<\/p>\n","protected":false},"excerpt":{"rendered":"<p>&#8211; El estado ser\u00e1 sede de los eventos que se llevar\u00e1n a cabo del 7 al 9 de septiembre En Tuxtla Guti\u00e9rrez, el gobernador Eduardo Ram\u00edrez Aguilar sostuvo una reuni\u00f3n de trabajo con el embajador y representante permanente de M\u00e9xico ante la Organizaci\u00f3n de las Naciones Unidas para la Educaci\u00f3n, la Ciencia y la Cultura [&hellip;]<\/p>\n","protected":false},"author":1,"featured_media":152026,"comment_status":"closed","ping_status":"closed","sticky":false,"template":"","format":"standard","meta":{"footnotes":""},"categories":[1],"tags":[],"class_list":["post-151988","post","type-post","status-publish","format-standard","has-post-thumbnail","hentry","category-general"],"_links":{"self":[{"href":"https:\/\/elobservadorzonanorte.com.mx\/index.php?rest_route=\/wp\/v2\/posts\/151988","targetHints":{"allow":["GET"]}}],"collection":[{"href":"https:\/\/elobservadorzonanorte.com.mx\/index.php?rest_route=\/wp\/v2\/posts"}],"about":[{"href":"https:\/\/elobservadorzonanorte.com.mx\/index.php?rest_route=\/wp\/v2\/types\/post"}],"author":[{"embeddable":true,"href":"https:\/\/elobservadorzonanorte.com.mx\/index.php?rest_route=\/wp\/v2\/users\/1"}],"replies":[{"embeddable":true,"href":"https:\/\/elobservadorzonanorte.com.mx\/index.php?rest_route=%2Fwp%2Fv2%2Fcomments&post=151988"}],"version-history":[{"count":1,"href":"https:\/\/elobservadorzonanorte.com.mx\/index.php?rest_route=\/wp\/v2\/posts\/151988\/revisions"}],"predecessor-version":[{"id":152027,"href":"https:\/\/elobservadorzonanorte.com.mx\/index.php?rest_route=\/wp\/v2\/posts\/151988\/revisions\/152027"}],"wp:featuredmedia":[{"embeddable":true,"href":"https:\/\/elobservadorzonanorte.com.mx\/index.php?rest_route=\/wp\/v2\/media\/152026"}],"wp:attachment":[{"href":"https:\/\/elobservadorzonanorte.com.mx\/index.php?rest_route=%2Fwp%2Fv2%2Fmedia&parent=151988"}],"wp:term":[{"taxonomy":"category","embeddable":true,"href":"https:\/\/elobservadorzonanorte.com.mx\/index.php?rest_route=%2Fwp%2Fv2%2Fcategories&post=151988"},{"taxonomy":"post_tag","embeddable":true,"href":"https:\/\/elobservadorzonanorte.com.mx\/index.php?rest_route=%2Fwp%2Fv2%2Ftags&post=151988"}],"curies":[{"name":"wp","href":"https:\/\/api.w.org\/{rel}","templated":true}]}}