{"id":151985,"date":"2026-09-05T05:18:23","date_gmt":"2026-09-05T05:18:23","guid":{"rendered":"https:\/\/elobservadorzonanorte.com.mx\/?p=151985"},"modified":"2026-09-05T05:18:24","modified_gmt":"2026-09-05T05:18:24","slug":"darinel-cruz-bernal-fortalece-su-participacion-en-acciones-de-profesionalizacion-del-servicio-publico-en-chiapas","status":"publish","type":"post","link":"https:\/\/elobservadorzonanorte.com.mx\/?p=151985","title":{"rendered":"Darinel Cruz Bernal fortalece su participaci\u00f3n en acciones de profesionalizaci\u00f3n del servicio p\u00fablico en Chiapas."},"content":{"rendered":"\n<figure class=\"wp-block-image size-full\"><img decoding=\"async\" width=\"590\" height=\"561\" src=\"https:\/\/elobservadorzonanorte.com.mx\/wp-content\/uploads\/2026\/09\/imagen-133.png\" alt=\"\" class=\"wp-image-152017\" srcset=\"https:\/\/elobservadorzonanorte.com.mx\/wp-content\/uploads\/2026\/09\/imagen-133.png 590w, https:\/\/elobservadorzonanorte.com.mx\/wp-content\/uploads\/2026\/09\/imagen-133-300x285.png 300w\" sizes=\"(max-width: 590px) 100vw, 590px\" \/><\/figure>\n\n\n\n<figure class=\"wp-block-image size-full\"><img decoding=\"async\" width=\"590\" height=\"443\" src=\"https:\/\/elobservadorzonanorte.com.mx\/wp-content\/uploads\/2026\/09\/imagen-134.png\" alt=\"\" class=\"wp-image-152018\" srcset=\"https:\/\/elobservadorzonanorte.com.mx\/wp-content\/uploads\/2026\/09\/imagen-134.png 590w, https:\/\/elobservadorzonanorte.com.mx\/wp-content\/uploads\/2026\/09\/imagen-134-300x225.png 300w\" sizes=\"(max-width: 590px) 100vw, 590px\" \/><\/figure>\n\n\n\n<p class=\"wp-block-paragraph\">Con una participaci\u00f3n activa en acciones encaminadas a fortalecer la profesionalizaci\u00f3n del servicio p\u00fablico en Chiapas, Darinel Cruz Bernal se sum\u00f3 a una jornada de capacitaci\u00f3n dirigida a integrantes de la Secretar\u00eda de Finanzas del Estado.<\/p>\n\n\n\n<p class=\"wp-block-paragraph\">De acuerdo con lo difundido en sus redes sociales, la capacitaci\u00f3n se llev\u00f3 a cabo en el Instituto de Administraci\u00f3n P\u00fablica (IAP), como parte de las estrategias para fortalecer las capacidades, conocimientos y herramientas de quienes desempe\u00f1an responsabilidades dentro de la administraci\u00f3n p\u00fablica estatal.<\/p>\n\n\n\n<p class=\"wp-block-paragraph\">Estas actividades de formaci\u00f3n buscan contribuir a la preparaci\u00f3n de servidores p\u00fablicos con mayores herramientas para desarrollar sus funciones de manera responsable, eficiente y cercana a la ciudadan\u00eda, fortaleciendo con ello la atenci\u00f3n y los resultados de las instituciones.<\/p>\n\n\n\n<p class=\"wp-block-paragraph\">En este contexto, la participaci\u00f3n de Darinel Cruz Bernal refleja su inter\u00e9s por mantenerse involucrado en actividades relacionadas con la capacitaci\u00f3n, la profesionalizaci\u00f3n y el fortalecimiento de la funci\u00f3n p\u00fablica, particularmente en acciones vinculadas con la Secretar\u00eda de Finanzas y la Delegaci\u00f3n Reforma.<\/p>\n\n\n\n<p class=\"wp-block-paragraph\">Asimismo, se destac\u00f3 que los esfuerzos de profesionalizaci\u00f3n se encuentran alineados con la visi\u00f3n del gobernador Eduardo Ram\u00edrez, orientada a impulsar administraciones eficientes, transparentes y con sentido humano, que permitan optimizar los recursos p\u00fablicos y generar mejores resultados para las y los chiapanecos.<\/p>\n\n\n\n<p class=\"wp-block-paragraph\">La jornada representa, de esta manera, un espacio para compartir conocimientos y fortalecer las capacidades institucionales, bajo la premisa de que contar con servidores p\u00fablicos mejor preparados es fundamental para avanzar hacia una administraci\u00f3n p\u00fablica con mayor eficiencia y compromiso social.<\/p>\n","protected":false},"excerpt":{"rendered":"<p>Con una participaci\u00f3n activa en acciones encaminadas a fortalecer la profesionalizaci\u00f3n del servicio p\u00fablico en Chiapas, Darinel Cruz Bernal se sum\u00f3 a una jornada de capacitaci\u00f3n dirigida a integrantes de la Secretar\u00eda de Finanzas del Estado. De acuerdo con lo difundido en sus redes sociales, la capacitaci\u00f3n se llev\u00f3 a cabo en el Instituto de [&hellip;]<\/p>\n","protected":false},"author":1,"featured_media":152018,"comment_status":"closed","ping_status":"closed","sticky":false,"template":"","format":"standard","meta":{"footnotes":""},"categories":[1],"tags":[],"class_list":["post-151985","post","type-post","status-publish","format-standard","has-post-thumbnail","hentry","category-general"],"_links":{"self":[{"href":"https:\/\/elobservadorzonanorte.com.mx\/index.php?rest_route=\/wp\/v2\/posts\/151985","targetHints":{"allow":["GET"]}}],"collection":[{"href":"https:\/\/elobservadorzonanorte.com.mx\/index.php?rest_route=\/wp\/v2\/posts"}],"about":[{"href":"https:\/\/elobservadorzonanorte.com.mx\/index.php?rest_route=\/wp\/v2\/types\/post"}],"author":[{"embeddable":true,"href":"https:\/\/elobservadorzonanorte.com.mx\/index.php?rest_route=\/wp\/v2\/users\/1"}],"replies":[{"embeddable":true,"href":"https:\/\/elobservadorzonanorte.com.mx\/index.php?rest_route=%2Fwp%2Fv2%2Fcomments&post=151985"}],"version-history":[{"count":1,"href":"https:\/\/elobservadorzonanorte.com.mx\/index.php?rest_route=\/wp\/v2\/posts\/151985\/revisions"}],"predecessor-version":[{"id":152019,"href":"https:\/\/elobservadorzonanorte.com.mx\/index.php?rest_route=\/wp\/v2\/posts\/151985\/revisions\/152019"}],"wp:featuredmedia":[{"embeddable":true,"href":"https:\/\/elobservadorzonanorte.com.mx\/index.php?rest_route=\/wp\/v2\/media\/152018"}],"wp:attachment":[{"href":"https:\/\/elobservadorzonanorte.com.mx\/index.php?rest_route=%2Fwp%2Fv2%2Fmedia&parent=151985"}],"wp:term":[{"taxonomy":"category","embeddable":true,"href":"https:\/\/elobservadorzonanorte.com.mx\/index.php?rest_route=%2Fwp%2Fv2%2Fcategories&post=151985"},{"taxonomy":"post_tag","embeddable":true,"href":"https:\/\/elobservadorzonanorte.com.mx\/index.php?rest_route=%2Fwp%2Fv2%2Ftags&post=151985"}],"curies":[{"name":"wp","href":"https:\/\/api.w.org\/{rel}","templated":true}]}}