{"id":151917,"date":"2026-09-04T03:29:13","date_gmt":"2026-09-04T03:29:13","guid":{"rendered":"https:\/\/elobservadorzonanorte.com.mx\/?p=151917"},"modified":"2026-09-04T03:29:14","modified_gmt":"2026-09-04T03:29:14","slug":"paco-chacon-celebra-un-ano-de-los-comedores-del-humanismo-en-el-jobo-y-copoya","status":"publish","type":"post","link":"https:\/\/elobservadorzonanorte.com.mx\/?p=151917","title":{"rendered":"Paco Chac\u00f3n celebra un a\u00f1o de los Comedores del Humanismo en El Jobo y Copoya"},"content":{"rendered":"\n<figure class=\"wp-block-image size-large\"><img decoding=\"async\" width=\"600\" height=\"449\" src=\"https:\/\/elobservadorzonanorte.com.mx\/wp-content\/uploads\/2026\/09\/imagen-116-600x449.png\" alt=\"\" class=\"wp-image-151958\" srcset=\"https:\/\/elobservadorzonanorte.com.mx\/wp-content\/uploads\/2026\/09\/imagen-116-600x449.png 600w, https:\/\/elobservadorzonanorte.com.mx\/wp-content\/uploads\/2026\/09\/imagen-116-300x225.png 300w, https:\/\/elobservadorzonanorte.com.mx\/wp-content\/uploads\/2026\/09\/imagen-116.png 720w\" sizes=\"(max-width: 600px) 100vw, 600px\" \/><\/figure>\n\n\n\n<p class=\"wp-block-paragraph\">\u2022 El secretario del Humanismo resalt\u00f3 que estos espacios se han convertido en parte de la vida cotidiana de las familias, fortaleciendo la amistad y haciendo comunidad<\/p>\n\n\n\n<p class=\"wp-block-paragraph\">Con alegr\u00eda y rodeado de las familias de El Jobo y Copoya, el secretario del Humanismo, Paco Chac\u00f3n, celebr\u00f3 el primer aniversario de los Comedores del Humanismo en estos dos ejidos de Tuxtla Guti\u00e9rrez, que hoy forman parte de la vida diaria de sus comunidades.<\/p>\n\n\n\n<p class=\"wp-block-paragraph\">\u201cEstamos muy contentos por este primer a\u00f1o. Estos comedores representan mucho m\u00e1s que un plato de comida; representan cercan\u00eda y la oportunidad de que nadie se quede sin comer\u201d, expres\u00f3. Destac\u00f3 que quienes acuden por sus alimentos tambi\u00e9n encuentran un espacio para platicar, compartir y convivir.<\/p>\n\n\n\n<p class=\"wp-block-paragraph\">En este primer a\u00f1o en El Jobo se han servido m\u00e1s de 88 mil 300 comidas a mil 907 personas, mientras que en Copoya se han otorgado m\u00e1s de 89 mil 900 comidas a mil 871 personas. Ambos forman parte del Programa Alimentario de la Secretar\u00eda del Humanismo, que tambi\u00e9n genera empleos y promueve el consumo local.<\/p>\n\n\n\n<p class=\"wp-block-paragraph\">Paco Chac\u00f3n destac\u00f3 que actualmente existen siete Comedores del Humanismo fijos y cuatro m\u00f3viles, que recorren colonias y hospitales de Tuxtla Guti\u00e9rrez para acercar alimentos nutritivos y de calidad. Desde su creaci\u00f3n, el programa ha servido m\u00e1s de 795 mil comidas y beneficiado a m\u00e1s de 81 mil 400 personas.<\/p>\n\n\n\n<p class=\"wp-block-paragraph\">\u201cMe da mucha alegr\u00eda ver c\u00f3mo estos espacios se han vuelto parte de El Jobo y Copoya, dos ejidos que quiero mucho. Vamos a seguir trabajando para que m\u00e1s familias tengan acceso a una alimentaci\u00f3n digna y para que estos espacios sigan siendo puntos de encuentro para sus comunidades\u201d, concluy\u00f3.<\/p>\n","protected":false},"excerpt":{"rendered":"<p>\u2022 El secretario del Humanismo resalt\u00f3 que estos espacios se han convertido en parte de la vida cotidiana de las familias, fortaleciendo la amistad y haciendo comunidad Con alegr\u00eda y rodeado de las familias de El Jobo y Copoya, el secretario del Humanismo, Paco Chac\u00f3n, celebr\u00f3 el primer aniversario de los Comedores del Humanismo en [&hellip;]<\/p>\n","protected":false},"author":1,"featured_media":151958,"comment_status":"closed","ping_status":"closed","sticky":false,"template":"","format":"standard","meta":{"footnotes":""},"categories":[1],"tags":[],"class_list":["post-151917","post","type-post","status-publish","format-standard","has-post-thumbnail","hentry","category-general"],"_links":{"self":[{"href":"https:\/\/elobservadorzonanorte.com.mx\/index.php?rest_route=\/wp\/v2\/posts\/151917","targetHints":{"allow":["GET"]}}],"collection":[{"href":"https:\/\/elobservadorzonanorte.com.mx\/index.php?rest_route=\/wp\/v2\/posts"}],"about":[{"href":"https:\/\/elobservadorzonanorte.com.mx\/index.php?rest_route=\/wp\/v2\/types\/post"}],"author":[{"embeddable":true,"href":"https:\/\/elobservadorzonanorte.com.mx\/index.php?rest_route=\/wp\/v2\/users\/1"}],"replies":[{"embeddable":true,"href":"https:\/\/elobservadorzonanorte.com.mx\/index.php?rest_route=%2Fwp%2Fv2%2Fcomments&post=151917"}],"version-history":[{"count":1,"href":"https:\/\/elobservadorzonanorte.com.mx\/index.php?rest_route=\/wp\/v2\/posts\/151917\/revisions"}],"predecessor-version":[{"id":151959,"href":"https:\/\/elobservadorzonanorte.com.mx\/index.php?rest_route=\/wp\/v2\/posts\/151917\/revisions\/151959"}],"wp:featuredmedia":[{"embeddable":true,"href":"https:\/\/elobservadorzonanorte.com.mx\/index.php?rest_route=\/wp\/v2\/media\/151958"}],"wp:attachment":[{"href":"https:\/\/elobservadorzonanorte.com.mx\/index.php?rest_route=%2Fwp%2Fv2%2Fmedia&parent=151917"}],"wp:term":[{"taxonomy":"category","embeddable":true,"href":"https:\/\/elobservadorzonanorte.com.mx\/index.php?rest_route=%2Fwp%2Fv2%2Fcategories&post=151917"},{"taxonomy":"post_tag","embeddable":true,"href":"https:\/\/elobservadorzonanorte.com.mx\/index.php?rest_route=%2Fwp%2Fv2%2Ftags&post=151917"}],"curies":[{"name":"wp","href":"https:\/\/api.w.org\/{rel}","templated":true}]}}