{"id":151916,"date":"2026-09-04T03:28:22","date_gmt":"2026-09-04T03:28:22","guid":{"rendered":"https:\/\/elobservadorzonanorte.com.mx\/?p=151916"},"modified":"2026-09-04T03:28:23","modified_gmt":"2026-09-04T03:28:23","slug":"chiapas-participa-en-expo-cafe-2026-para-fortalecer-la-promocion-y-comercializacion-de-su-produccion-cafetalera","status":"publish","type":"post","link":"https:\/\/elobservadorzonanorte.com.mx\/?p=151916","title":{"rendered":"*Chiapas participa en Expo Caf\u00e9 2026 para fortalecer la promoci\u00f3n y comercializaci\u00f3n de su producci\u00f3n cafetalera*"},"content":{"rendered":"\n<figure class=\"wp-block-image size-full\"><img decoding=\"async\" width=\"590\" height=\"443\" src=\"https:\/\/elobservadorzonanorte.com.mx\/wp-content\/uploads\/2026\/09\/imagen-113.png\" alt=\"\" class=\"wp-image-151953\" srcset=\"https:\/\/elobservadorzonanorte.com.mx\/wp-content\/uploads\/2026\/09\/imagen-113.png 590w, https:\/\/elobservadorzonanorte.com.mx\/wp-content\/uploads\/2026\/09\/imagen-113-300x225.png 300w\" sizes=\"(max-width: 590px) 100vw, 590px\" \/><\/figure>\n\n\n\n<p class=\"wp-block-paragraph\">&#8211; El encuentro se lleva a cabo del 3 al 5 de septiembre en el World Trade Center y Pepsi Center de la Ciudad de M\u00e9xico<\/p>\n\n\n\n<p class=\"wp-block-paragraph\">Chiapas participa en Expo Caf\u00e9 2026, uno de los principales encuentros especializados de la industria cafetalera en M\u00e9xico, como una oportunidad para mostrar la calidad y diversidad de sus caf\u00e9s, as\u00ed como el trabajo, conocimiento e identidad de las familias productoras que se encuentran detr\u00e1s de cada taza. A trav\u00e9s del Instituto del Caf\u00e9 de Chiapas, presente en el stand 3033, la entidad busca promover y vincular a productores y marcas chiapanecas con compradores, tostadores, comercializadores y otros actores estrat\u00e9gicos de la cadena de valor.<\/p>\n\n\n\n<p class=\"wp-block-paragraph\">La edici\u00f3n 2026 se lleva a cabo del 3 al 5 de septiembre en el World Trade Center y Pepsi Center de la Ciudad de M\u00e9xico, con la participaci\u00f3n de m\u00e1s de 300 expositores y una convocatoria que supera los 25 mil visitantes. Este encuentro representa un escaparate para generar relaciones comerciales, conocer tendencias, presentar innovaciones y acercar los caf\u00e9s mexicanos a nuevos consumidores y compradores.<\/p>\n\n\n\n<p class=\"wp-block-paragraph\">La presencia de Chiapas forma parte de una visi\u00f3n orientada a transformar la producci\u00f3n en oportunidades de mercado, impulsar el valor agregado y lograr que el reconocimiento del Caf\u00e9 de Chiapas se traduzca en mejores oportunidades comerciales para quienes lo producen. En este espacio, la entidad comparte el origen, la diversidad y la riqueza de su cafeticultura, al tiempo que busca construir alianzas que permitan llevar el caf\u00e9 chiapaneco a nuevos mercados y fortalecer su posicionamiento dentro y fuera de M\u00e9xico.<\/p>\n\n\n\n<p class=\"wp-block-paragraph\">Con m\u00e1s de dos d\u00e9cadas de trayectoria, Expo Caf\u00e9 naci\u00f3 con el prop\u00f3sito de generar negocios alrededor del caf\u00e9, fortalecer los v\u00ednculos entre los diferentes actores de la cadena de valor y promover una cultura de consumo de caf\u00e9 de calidad en el pa\u00eds. En este marco, la participaci\u00f3n de Chiapas representa un espacio para promover su producci\u00f3n cafetalera y establecer v\u00ednculos que favorezcan su presencia en el mercado nacional.<\/p>\n","protected":false},"excerpt":{"rendered":"<p>&#8211; El encuentro se lleva a cabo del 3 al 5 de septiembre en el World Trade Center y Pepsi Center de la Ciudad de M\u00e9xico Chiapas participa en Expo Caf\u00e9 2026, uno de los principales encuentros especializados de la industria cafetalera en M\u00e9xico, como una oportunidad para mostrar la calidad y diversidad de sus [&hellip;]<\/p>\n","protected":false},"author":1,"featured_media":151953,"comment_status":"closed","ping_status":"closed","sticky":false,"template":"","format":"standard","meta":{"footnotes":""},"categories":[1],"tags":[],"class_list":["post-151916","post","type-post","status-publish","format-standard","has-post-thumbnail","hentry","category-general"],"_links":{"self":[{"href":"https:\/\/elobservadorzonanorte.com.mx\/index.php?rest_route=\/wp\/v2\/posts\/151916","targetHints":{"allow":["GET"]}}],"collection":[{"href":"https:\/\/elobservadorzonanorte.com.mx\/index.php?rest_route=\/wp\/v2\/posts"}],"about":[{"href":"https:\/\/elobservadorzonanorte.com.mx\/index.php?rest_route=\/wp\/v2\/types\/post"}],"author":[{"embeddable":true,"href":"https:\/\/elobservadorzonanorte.com.mx\/index.php?rest_route=\/wp\/v2\/users\/1"}],"replies":[{"embeddable":true,"href":"https:\/\/elobservadorzonanorte.com.mx\/index.php?rest_route=%2Fwp%2Fv2%2Fcomments&post=151916"}],"version-history":[{"count":1,"href":"https:\/\/elobservadorzonanorte.com.mx\/index.php?rest_route=\/wp\/v2\/posts\/151916\/revisions"}],"predecessor-version":[{"id":151954,"href":"https:\/\/elobservadorzonanorte.com.mx\/index.php?rest_route=\/wp\/v2\/posts\/151916\/revisions\/151954"}],"wp:featuredmedia":[{"embeddable":true,"href":"https:\/\/elobservadorzonanorte.com.mx\/index.php?rest_route=\/wp\/v2\/media\/151953"}],"wp:attachment":[{"href":"https:\/\/elobservadorzonanorte.com.mx\/index.php?rest_route=%2Fwp%2Fv2%2Fmedia&parent=151916"}],"wp:term":[{"taxonomy":"category","embeddable":true,"href":"https:\/\/elobservadorzonanorte.com.mx\/index.php?rest_route=%2Fwp%2Fv2%2Fcategories&post=151916"},{"taxonomy":"post_tag","embeddable":true,"href":"https:\/\/elobservadorzonanorte.com.mx\/index.php?rest_route=%2Fwp%2Fv2%2Ftags&post=151916"}],"curies":[{"name":"wp","href":"https:\/\/api.w.org\/{rel}","templated":true}]}}