{"id":151908,"date":"2026-09-04T03:25:54","date_gmt":"2026-09-04T03:25:54","guid":{"rendered":"https:\/\/elobservadorzonanorte.com.mx\/?p=151908"},"modified":"2026-09-04T03:25:54","modified_gmt":"2026-09-04T03:25:54","slug":"exitos-siempre-amigo-chafa-como-de-carino-nos-decimos-a-donde-vayas-siempre-ese-don-de-ensenanza-y-tu-profesionalismo-abrazo-amigo","status":"publish","type":"post","link":"https:\/\/elobservadorzonanorte.com.mx\/?p=151908","title":{"rendered":"\u00c9xitos siempre amigo \u00abchafa\u00bb como de cari\u00f1o nos decimos, a d\u00f3nde vayas siempre ese don de ense\u00f1anza y t\u00fa profesionalismo, abrazo amigo"},"content":{"rendered":"\n<figure class=\"wp-block-image size-large\"><img decoding=\"async\" width=\"338\" height=\"600\" src=\"https:\/\/elobservadorzonanorte.com.mx\/wp-content\/uploads\/2026\/09\/imagen-105-338x600.png\" alt=\"\" class=\"wp-image-151937\" srcset=\"https:\/\/elobservadorzonanorte.com.mx\/wp-content\/uploads\/2026\/09\/imagen-105-338x600.png 338w, https:\/\/elobservadorzonanorte.com.mx\/wp-content\/uploads\/2026\/09\/imagen-105-169x300.png 169w, https:\/\/elobservadorzonanorte.com.mx\/wp-content\/uploads\/2026\/09\/imagen-105.png 526w\" sizes=\"(max-width: 338px) 100vw, 338px\" \/><\/figure>\n\n\n\n<p class=\"wp-block-paragraph\">El siguiente texto tomado del muro de la p\u00e1gina de la escuela:<\/p>\n\n\n\n<p class=\"wp-block-paragraph\">Hoy no es un d\u00eda cualquiera para la familia de la Escuela Secundaria T\u00e9cnica No. 39. Hoy despedimos con el coraz\u00f3n dividido entre la alegr\u00eda y la nostalgia a nuestro Director, el Mtro. <a href=\"https:\/\/www.facebook.com\/profile.php?id=61589990073986&amp;__cft__[0]=AZisLZs6PbqPxTwgjLXdoOK8_snxzuYHLePOQVIaqLDTkUFpzXjJuCiWO-N2c_9OB-0VTh_wyA-w6tCbvz1vRsJErHWXbCfiGFTjU7TP8VZ40LwTV45WcejU29_c0DnxpK7MaQ7xK77l1e6f_vaxB9kniM5aaBb02etLAV938IsjxTllK32LcBUAoD4&amp;__tn__=-]K-R\" target=\"_blank\" rel=\"noopener\">Francisco Zarate<\/a><\/p>\n\n\n\n<p class=\"wp-block-paragraph\">26 a\u00f1os de su vida est\u00e1n aqu\u00ed, en estas paredes, en este patio, en cada sal\u00f3n.<\/p>\n\n\n\n<p class=\"wp-block-paragraph\">13 a\u00f1os frente a grupo, ense\u00f1ando no solo la materia de Espa\u00f1ol, sino ense\u00f1ando a amar las palabras, a leer con el coraz\u00f3n, a escribir nuestra historia; cu\u00e1ntos de aqu\u00ed aprendimos con usted lo que es un verso, una idea, una coma bien puesta.<\/p>\n\n\n\n<p class=\"wp-block-paragraph\">13 a\u00f1os m\u00e1s como nuestro Director, 13 a\u00f1os al frente de este plantel, liderando con firmeza, pero siempre con humanidad, usted no solo dirigi\u00f3 una escuela, usted construy\u00f3 una casa, una casa donde cabemos todos: alumnos, maestros, padres de familia y trabajadores.<\/p>\n\n\n\n<p class=\"wp-block-paragraph\">Profe Paco, como muchos le decimos con cari\u00f1o:<\/p>\n\n\n\n<p class=\"wp-block-paragraph\">Gracias por las veces que nos aconsejo para hacernos mejores.<\/p>\n\n\n\n<p class=\"wp-block-paragraph\">Gracias por las puertas de su direcci\u00f3n que siempre estuvieron abiertas.<\/p>\n\n\n\n<p class=\"wp-block-paragraph\">Gracias por defender a esta T\u00e9cnica 39 con todo, incluso cuando no hab\u00eda recursos, pero siempre hubo voluntad.<\/p>\n\n\n\n<p class=\"wp-block-paragraph\">Gracias por no ser solo jefe, sino compa\u00f1ero, amigo y maestro.<\/p>\n\n\n\n<p class=\"wp-block-paragraph\">Hoy cierra un ciclo en esta escuela, pero se abre el reconocimiento eterno de todos los que pasamos por aqu\u00ed. Usted deja una huella que no se borra, su legado no est\u00e1 en los papeles que firm\u00f3, est\u00e1 en los cientos de j\u00f3venes que hoy son hombres y mujeres de bien gracias a su trabajo.<\/p>\n\n\n\n<p class=\"wp-block-paragraph\">A nombre de todo el personal docente, administrativo, alumnos y padres de familia:<\/p>\n\n\n\n<p class=\"wp-block-paragraph\">*\u00a1Gracias por 26 a\u00f1os de servicio, de entrega y de amor a la T\u00e9cnica 39!*<\/p>\n\n\n\n<p class=\"wp-block-paragraph\">Esta siempre ser\u00e1 su casa.<\/p>\n\n\n\n<p class=\"wp-block-paragraph\">Las puertas siempre estar\u00e1n abiertas para usted.<\/p>\n\n\n\n<p class=\"wp-block-paragraph\">Le deseamos de todo coraz\u00f3n \u00e9xito y bendiciones en lo que viene.<\/p>\n\n\n\n<p class=\"wp-block-paragraph\">\u00a1Muchas gracias, Director Francisco Javier Z\u00e1rate Rojas!<\/p>\n","protected":false},"excerpt":{"rendered":"<p>El siguiente texto tomado del muro de la p\u00e1gina de la escuela: Hoy no es un d\u00eda cualquiera para la familia de la Escuela Secundaria T\u00e9cnica No. 39. Hoy despedimos con el coraz\u00f3n dividido entre la alegr\u00eda y la nostalgia a nuestro Director, el Mtro. Francisco Zarate 26 a\u00f1os de su vida est\u00e1n aqu\u00ed, en [&hellip;]<\/p>\n","protected":false},"author":1,"featured_media":151937,"comment_status":"closed","ping_status":"closed","sticky":false,"template":"","format":"standard","meta":{"footnotes":""},"categories":[1],"tags":[],"class_list":["post-151908","post","type-post","status-publish","format-standard","has-post-thumbnail","hentry","category-general"],"_links":{"self":[{"href":"https:\/\/elobservadorzonanorte.com.mx\/index.php?rest_route=\/wp\/v2\/posts\/151908","targetHints":{"allow":["GET"]}}],"collection":[{"href":"https:\/\/elobservadorzonanorte.com.mx\/index.php?rest_route=\/wp\/v2\/posts"}],"about":[{"href":"https:\/\/elobservadorzonanorte.com.mx\/index.php?rest_route=\/wp\/v2\/types\/post"}],"author":[{"embeddable":true,"href":"https:\/\/elobservadorzonanorte.com.mx\/index.php?rest_route=\/wp\/v2\/users\/1"}],"replies":[{"embeddable":true,"href":"https:\/\/elobservadorzonanorte.com.mx\/index.php?rest_route=%2Fwp%2Fv2%2Fcomments&post=151908"}],"version-history":[{"count":1,"href":"https:\/\/elobservadorzonanorte.com.mx\/index.php?rest_route=\/wp\/v2\/posts\/151908\/revisions"}],"predecessor-version":[{"id":151938,"href":"https:\/\/elobservadorzonanorte.com.mx\/index.php?rest_route=\/wp\/v2\/posts\/151908\/revisions\/151938"}],"wp:featuredmedia":[{"embeddable":true,"href":"https:\/\/elobservadorzonanorte.com.mx\/index.php?rest_route=\/wp\/v2\/media\/151937"}],"wp:attachment":[{"href":"https:\/\/elobservadorzonanorte.com.mx\/index.php?rest_route=%2Fwp%2Fv2%2Fmedia&parent=151908"}],"wp:term":[{"taxonomy":"category","embeddable":true,"href":"https:\/\/elobservadorzonanorte.com.mx\/index.php?rest_route=%2Fwp%2Fv2%2Fcategories&post=151908"},{"taxonomy":"post_tag","embeddable":true,"href":"https:\/\/elobservadorzonanorte.com.mx\/index.php?rest_route=%2Fwp%2Fv2%2Ftags&post=151908"}],"curies":[{"name":"wp","href":"https:\/\/api.w.org\/{rel}","templated":true}]}}