{"id":151887,"date":"2026-09-03T04:18:45","date_gmt":"2026-09-03T04:18:45","guid":{"rendered":"https:\/\/elobservadorzonanorte.com.mx\/?p=151887"},"modified":"2026-09-03T04:18:46","modified_gmt":"2026-09-03T04:18:46","slug":"chiapas-se-prepara-para-conquistar-marte-lanzan-convocatoria-internacional-para-jovenes-de-pueblos-originarios","status":"publish","type":"post","link":"https:\/\/elobservadorzonanorte.com.mx\/?p=151887","title":{"rendered":"Chiapas se prepara para conquistar Marte: Lanzan convocatoria internacional para j\u00f3venes de pueblos originarios"},"content":{"rendered":"\n<figure class=\"wp-block-image size-large\"><img decoding=\"async\" width=\"600\" height=\"400\" src=\"https:\/\/elobservadorzonanorte.com.mx\/wp-content\/uploads\/2026\/09\/imagen-95-600x400.png\" alt=\"\" class=\"wp-image-151892\" srcset=\"https:\/\/elobservadorzonanorte.com.mx\/wp-content\/uploads\/2026\/09\/imagen-95-600x400.png 600w, https:\/\/elobservadorzonanorte.com.mx\/wp-content\/uploads\/2026\/09\/imagen-95-300x200.png 300w, https:\/\/elobservadorzonanorte.com.mx\/wp-content\/uploads\/2026\/09\/imagen-95-768x511.png 768w, https:\/\/elobservadorzonanorte.com.mx\/wp-content\/uploads\/2026\/09\/imagen-95.png 811w\" sizes=\"(max-width: 600px) 100vw, 600px\" \/><\/figure>\n\n\n\n<p class=\"wp-block-paragraph\">\u2022 El Reto Marte 2026 busca seleccionar a seis j\u00f3venes de pueblos originarios para representar a Chiapas en una cumbre internacional en Madrid, con miras a una estancia en el Centro Espacial JFK de la NASA<\/p>\n\n\n\n<p class=\"wp-block-paragraph\">Tuxtla Guti\u00e9rrez, Chiapas; 02 de septiembre de 2026.- Con el objetivo de romper barreras y demostrar que el talento chiapaneco no tiene l\u00edmites, la Agencia Digital Tecnol\u00f3gica del Estado de Chiapas (Aditech), que dirige Jovani Salazar, en coordinaci\u00f3n con instituciones educativas, present\u00f3 oficialmente la convocatoria para el Reto Marte (Mars Challenge) 2026. El anuncio se realiz\u00f3 en un ambiente de innovaci\u00f3n y proyecci\u00f3n internacional en las instalaciones del Planetario Tuxtla.<\/p>\n\n\n\n<p class=\"wp-block-paragraph\">El titular de la Aditech, Jovani Salazar, encabez\u00f3 una rueda de prensa donde destac\u00f3 que esta iniciativa representa una semilla de oportunidad para las juventudes, especialmente para aquellas provenientes de pueblos originarios. \u00abAgradecemos al gobernador Eduardo Ram\u00edrez, quien nos permite llevar a cabo esta actividad. Chiapas siempre ha estado en el olvido, pero hoy tenemos el compromiso de dar lo mejor. Esta es una gran convocatoria para que las y los j\u00f3venes puedan participar y demostrar que su mente no es inferior a ninguna otra\u00bb, expres\u00f3<\/p>\n\n\n\n<p class=\"wp-block-paragraph\">\u201cNo es una ocurrencia, es un evento internacional que nos posiciona. Hoy, gracias al gobernador, Chiapas es visto como un estado comprometido con la inteligencia de las juventudes\u201d, concluy\u00f3 Salazar.<\/p>\n\n\n\n<p class=\"wp-block-paragraph\">El Reto Marte 2026, que se celebrar\u00e1 del 3 al 5 de noviembre en Madrid, Espa\u00f1a, reunir\u00e1 a m\u00e1s de 20 pa\u00edses. Bajo el lema de esta edici\u00f3n, \u00abTierra\u00bb, la premisa es clara, \u201cSi sabemos qu\u00e9 necesitamos para sobrevivir en Marte, \u00bfpor qu\u00e9 no lo aplicamos para regenerar la Tierra?\u201d, las y los participantes desarrollar\u00e1n soluciones innovadoras y sostenibles para la creaci\u00f3n de bases habitables, protecci\u00f3n ambiental y uso de inteligencia artificial, con un enfoque multidisciplinario.<\/p>\n\n\n\n<p class=\"wp-block-paragraph\">Por su parte, Lorena Rojas Nucamendi, astronauta an\u00e1loga y directora general de Cosmos 71, fue una de las voces m\u00e1s emotivas del evento. \u201c\u00bfPor qu\u00e9 pensar en el espacio si tenemos problemas en la Tierra? Porque la mayor\u00eda de las tecnolog\u00edas espaciales se han desarrollado para mejorar nuestro bienestar, desde las c\u00e1maras hasta la telemedicina. Y en Chiapas tenemos un conocimiento ancestral que debe ser conocido a nivel internacional\u201d, se\u00f1al\u00f3.<\/p>\n\n\n\n<p class=\"wp-block-paragraph\">Rojas Nucamendi explic\u00f3 que la convocatoria est\u00e1 abierta para equipos de tres a seis participantes, de entre 15 y 29 a\u00f1os. Sin embargo, gracias a la gesti\u00f3n estatal, se seleccionar\u00e1 a una delegaci\u00f3n especial de seis j\u00f3venes pertenecientes a pueblos originarios, quienes, junto a dos asesores, viajar\u00e1n a Madrid para representar a la cultura e innovaci\u00f3n chiapaneca.<\/p>\n\n\n\n<p class=\"wp-block-paragraph\">\u00abNosotros no tenemos que ense\u00f1arles nada a esas grandes culturas; ellos tienen mucho que ense\u00f1ar al mundo. La ciencia ancestral est\u00e1 en ellos\u00bb, enfatiz\u00f3 la doctora Rojas, agradeciendo el respaldo del gobierno estatal y de Jovani Salazar por \u00abtocar la bandera\u00bb desde el primer momento.<\/p>\n\n\n\n<p class=\"wp-block-paragraph\">El proceso de selecci\u00f3n contempla una etapa de inscripci\u00f3n a trav\u00e9s de formulario. Las y los j\u00f3venes seleccionados no solo obtendr\u00e1n certificaciones internacionales, sino que tendr\u00e1n la oportunidad de competir por un lugar en la etapa final. El gran premio consiste en una visita y entrenamiento especial en las instalaciones del JFK Space Center de Houston, Texas.<\/p>\n\n\n\n<p class=\"wp-block-paragraph\">Las bases completas est\u00e1n disponibles en el portal oficial. <a href=\"https:\/\/l.facebook.com\/l.php?u=https%3A%2F%2Fpueblosoriginarios.org.mx%2F%3Ffbclid%3DIwcGRvZgFleHRuA2FlbQIxMABicmlkETF1Tm1FY0VsZ0FRNDhBMUE0c3J0YwZhcHBfaWQQMjIyMDM5MTc4ODIwMDg5MgABHoGbclvCKjsIXBhAYZsTt9JvI0RNfUHBsKdrggFzVPbPwumQ9WLJjBx92s-p_aem_oAqkREjYIp5LL9Yg3RTisA&amp;h=AUDNkjwYMSHCwzthn9DNKtGDU1tcvND731xQFuSX60EluK0rooOwah3JF8wSJTmbktU_lzQh2HOynGmElmgryyNn9goyuQpptTMHbxQIC2FmwcQcAXZv_c2qAo0UxX6kjrAOWQ5uAaKGxnwd&amp;__tn__=-UK-R&amp;c[0]=AUBpNdhvM8Y7mttZh2mqRPHe0GChXTNfJJk5QhEa9vJE65rLDcOR8oxex8MR_BV_CkFSqNsGeBUY52LhfNDhmoopaHpFmIiuTdUWTJEzR55ov-rvf09ptlhzChkuuIdhHdmTOKJquM1Em-yQciDI94kc3vhw2JFo9lXlBj1xyBwJSqrJ436VUHoVrIRgklAtiU4Nn-B-rftiYOhEhxliZ0kWbA\" rel=\"noreferrer noopener\" target=\"_blank\">https:\/\/pueblosoriginarios.org.mx<\/a>, El cierre de inscripciones el pr\u00f3ximo 8 de septiembre de 2026.<\/p>\n\n\n\n<p class=\"wp-block-paragraph\">En este importante acto asistieron Jorge Alfonso Huitr\u00f3n Flores, rector de la Universidad Tecnol\u00f3gica de la Selva (UTS); Olga Luz Espinosa Morales, directora del Instituto Tecnol\u00f3gico Nacional de M\u00e9xico Campus Cintalapa (TecNM-Cintalapa); Rogelio Denis Casta\u00f1eda, director acad\u00e9mico del Centro de Estudios Cient\u00edficos y Tecnol\u00f3gicos (CECyTE); Francisco Lee Orantes, director de Innovaci\u00f3n en Tecnolog\u00edas Avanzadas de la Universidad Polit\u00e9cnica de Chiapas (UPCH); Jos\u00e9 Hugo Campos Flores, director de Educaci\u00f3n B\u00e1sica del nivel Telesecundaria de la Secretar\u00eda de Educaci\u00f3n del Estado; C\u00e9sar Antonio D\u00edaz Moreno, jefe del Departamento de Telesecundarias de la Secretar\u00eda de Educaci\u00f3n del Estado; Ana Luc\u00eda L\u00f3pez Pimentel, directora del Instituto de Investigaci\u00f3n en Gesti\u00f3n de Riesgos y Cambio Clim\u00e1tico de la Universidad de Ciencia y Artes de Chiapas (Unicach); y Nancy Leticia Hern\u00e1ndez Reyes, rectora de la Universidad del Pais Innova (UPI).<\/p>\n","protected":false},"excerpt":{"rendered":"<p>\u2022 El Reto Marte 2026 busca seleccionar a seis j\u00f3venes de pueblos originarios para representar a Chiapas en una cumbre internacional en Madrid, con miras a una estancia en el Centro Espacial JFK de la NASA Tuxtla Guti\u00e9rrez, Chiapas; 02 de septiembre de 2026.- Con el objetivo de romper barreras y demostrar que el talento [&hellip;]<\/p>\n","protected":false},"author":1,"featured_media":151892,"comment_status":"closed","ping_status":"closed","sticky":false,"template":"","format":"standard","meta":{"footnotes":""},"categories":[1],"tags":[],"class_list":["post-151887","post","type-post","status-publish","format-standard","has-post-thumbnail","hentry","category-general"],"_links":{"self":[{"href":"https:\/\/elobservadorzonanorte.com.mx\/index.php?rest_route=\/wp\/v2\/posts\/151887","targetHints":{"allow":["GET"]}}],"collection":[{"href":"https:\/\/elobservadorzonanorte.com.mx\/index.php?rest_route=\/wp\/v2\/posts"}],"about":[{"href":"https:\/\/elobservadorzonanorte.com.mx\/index.php?rest_route=\/wp\/v2\/types\/post"}],"author":[{"embeddable":true,"href":"https:\/\/elobservadorzonanorte.com.mx\/index.php?rest_route=\/wp\/v2\/users\/1"}],"replies":[{"embeddable":true,"href":"https:\/\/elobservadorzonanorte.com.mx\/index.php?rest_route=%2Fwp%2Fv2%2Fcomments&post=151887"}],"version-history":[{"count":1,"href":"https:\/\/elobservadorzonanorte.com.mx\/index.php?rest_route=\/wp\/v2\/posts\/151887\/revisions"}],"predecessor-version":[{"id":151893,"href":"https:\/\/elobservadorzonanorte.com.mx\/index.php?rest_route=\/wp\/v2\/posts\/151887\/revisions\/151893"}],"wp:featuredmedia":[{"embeddable":true,"href":"https:\/\/elobservadorzonanorte.com.mx\/index.php?rest_route=\/wp\/v2\/media\/151892"}],"wp:attachment":[{"href":"https:\/\/elobservadorzonanorte.com.mx\/index.php?rest_route=%2Fwp%2Fv2%2Fmedia&parent=151887"}],"wp:term":[{"taxonomy":"category","embeddable":true,"href":"https:\/\/elobservadorzonanorte.com.mx\/index.php?rest_route=%2Fwp%2Fv2%2Fcategories&post=151887"},{"taxonomy":"post_tag","embeddable":true,"href":"https:\/\/elobservadorzonanorte.com.mx\/index.php?rest_route=%2Fwp%2Fv2%2Ftags&post=151887"}],"curies":[{"name":"wp","href":"https:\/\/api.w.org\/{rel}","templated":true}]}}