{"id":151840,"date":"2026-09-03T04:17:59","date_gmt":"2026-09-03T04:17:59","guid":{"rendered":"https:\/\/elobservadorzonanorte.com.mx\/?p=151840"},"modified":"2026-09-03T04:18:00","modified_gmt":"2026-09-03T04:18:00","slug":"celebramos-el-amor-y-la-sabiduria-de-nuestros-abuelitos","status":"publish","type":"post","link":"https:\/\/elobservadorzonanorte.com.mx\/?p=151840","title":{"rendered":"\u00a1CELEBRAMOS EL AMOR Y LA SABIDUR\u00cdA DE NUESTROS ABUELITOS!"},"content":{"rendered":"\n<figure class=\"wp-block-image size-full\"><img decoding=\"async\" width=\"590\" height=\"393\" src=\"https:\/\/elobservadorzonanorte.com.mx\/wp-content\/uploads\/2026\/09\/imagen-92.png\" alt=\"\" class=\"wp-image-151882\" srcset=\"https:\/\/elobservadorzonanorte.com.mx\/wp-content\/uploads\/2026\/09\/imagen-92.png 590w, https:\/\/elobservadorzonanorte.com.mx\/wp-content\/uploads\/2026\/09\/imagen-92-300x200.png 300w\" sizes=\"(max-width: 590px) 100vw, 590px\" \/><\/figure>\n\n\n\n<figure class=\"wp-block-image size-full\"><img decoding=\"async\" width=\"590\" height=\"393\" src=\"https:\/\/elobservadorzonanorte.com.mx\/wp-content\/uploads\/2026\/09\/imagen-93.png\" alt=\"\" class=\"wp-image-151883\" srcset=\"https:\/\/elobservadorzonanorte.com.mx\/wp-content\/uploads\/2026\/09\/imagen-93.png 590w, https:\/\/elobservadorzonanorte.com.mx\/wp-content\/uploads\/2026\/09\/imagen-93-300x200.png 300w\" sizes=\"(max-width: 590px) 100vw, 590px\" \/><\/figure>\n\n\n\n<p class=\"wp-block-paragraph\">Con un coraz\u00f3n lleno de gratitud y alegr\u00eda, la Presidenta Honoraria del DIF Municipal, Lic. Ana Karen Castillo Bibiloni, encabez\u00f3 un emotivo convivio dedicado a las y los abuelitos de Casa D\u00eda \u201cRefugio de los Abuelos\u201d, en el marco del D\u00eda de las Abuelas y los Abuelos.<\/p>\n\n\n\n<p class=\"wp-block-paragraph\">Un evento donde compartimos risas, m\u00fasica y momentos inolvidables para honrar a quienes con su esfuerzo, amor y dedicaci\u00f3n han construido los cimientos de nuestro querido Pichucalco.<\/p>\n\n\n\n<p class=\"wp-block-paragraph\">Para este gobierno y para la familia DIF, cuidarles, escucharles y devolverles un poco de todo lo que nos han dado no solo es un compromiso, \u00a1es un acto de amor y justicia!<\/p>\n\n\n\n<p class=\"wp-block-paragraph\">\u00a1Gracias por ser nuestro mayor orgullo e inspiraci\u00f3n!<\/p>\n","protected":false},"excerpt":{"rendered":"<p>Con un coraz\u00f3n lleno de gratitud y alegr\u00eda, la Presidenta Honoraria del DIF Municipal, Lic. Ana Karen Castillo Bibiloni, encabez\u00f3 un emotivo convivio dedicado a las y los abuelitos de Casa D\u00eda \u201cRefugio de los Abuelos\u201d, en el marco del D\u00eda de las Abuelas y los Abuelos. Un evento donde compartimos risas, m\u00fasica y momentos [&hellip;]<\/p>\n","protected":false},"author":1,"featured_media":151883,"comment_status":"closed","ping_status":"closed","sticky":false,"template":"","format":"standard","meta":{"footnotes":""},"categories":[1],"tags":[],"class_list":["post-151840","post","type-post","status-publish","format-standard","has-post-thumbnail","hentry","category-general"],"_links":{"self":[{"href":"https:\/\/elobservadorzonanorte.com.mx\/index.php?rest_route=\/wp\/v2\/posts\/151840","targetHints":{"allow":["GET"]}}],"collection":[{"href":"https:\/\/elobservadorzonanorte.com.mx\/index.php?rest_route=\/wp\/v2\/posts"}],"about":[{"href":"https:\/\/elobservadorzonanorte.com.mx\/index.php?rest_route=\/wp\/v2\/types\/post"}],"author":[{"embeddable":true,"href":"https:\/\/elobservadorzonanorte.com.mx\/index.php?rest_route=\/wp\/v2\/users\/1"}],"replies":[{"embeddable":true,"href":"https:\/\/elobservadorzonanorte.com.mx\/index.php?rest_route=%2Fwp%2Fv2%2Fcomments&post=151840"}],"version-history":[{"count":1,"href":"https:\/\/elobservadorzonanorte.com.mx\/index.php?rest_route=\/wp\/v2\/posts\/151840\/revisions"}],"predecessor-version":[{"id":151884,"href":"https:\/\/elobservadorzonanorte.com.mx\/index.php?rest_route=\/wp\/v2\/posts\/151840\/revisions\/151884"}],"wp:featuredmedia":[{"embeddable":true,"href":"https:\/\/elobservadorzonanorte.com.mx\/index.php?rest_route=\/wp\/v2\/media\/151883"}],"wp:attachment":[{"href":"https:\/\/elobservadorzonanorte.com.mx\/index.php?rest_route=%2Fwp%2Fv2%2Fmedia&parent=151840"}],"wp:term":[{"taxonomy":"category","embeddable":true,"href":"https:\/\/elobservadorzonanorte.com.mx\/index.php?rest_route=%2Fwp%2Fv2%2Fcategories&post=151840"},{"taxonomy":"post_tag","embeddable":true,"href":"https:\/\/elobservadorzonanorte.com.mx\/index.php?rest_route=%2Fwp%2Fv2%2Ftags&post=151840"}],"curies":[{"name":"wp","href":"https:\/\/api.w.org\/{rel}","templated":true}]}}