{"id":151821,"date":"2026-09-03T04:11:42","date_gmt":"2026-09-03T04:11:42","guid":{"rendered":"https:\/\/elobservadorzonanorte.com.mx\/?p=151821"},"modified":"2026-09-03T04:11:42","modified_gmt":"2026-09-03T04:11:42","slug":"inauguran-cursos-de-formacion-inicial-y-competencias-basicas-para-fortalecer-a-la-policia-municipal-de-juarez","status":"publish","type":"post","link":"https:\/\/elobservadorzonanorte.com.mx\/?p=151821","title":{"rendered":"INAUGURAN CURSOS DE FORMACI\u00d3N INICIAL Y COMPETENCIAS B\u00c1SICAS PARA FORTALECER A LA POLIC\u00cdA MUNICIPAL DE JU\u00c1REZ"},"content":{"rendered":"\n<figure class=\"wp-block-image size-full\"><img decoding=\"async\" width=\"590\" height=\"393\" src=\"https:\/\/elobservadorzonanorte.com.mx\/wp-content\/uploads\/2026\/09\/imagen-75.png\" alt=\"\" class=\"wp-image-151844\" srcset=\"https:\/\/elobservadorzonanorte.com.mx\/wp-content\/uploads\/2026\/09\/imagen-75.png 590w, https:\/\/elobservadorzonanorte.com.mx\/wp-content\/uploads\/2026\/09\/imagen-75-300x200.png 300w\" sizes=\"(max-width: 590px) 100vw, 590px\" \/><\/figure>\n\n\n\n<p class=\"wp-block-paragraph\">Con el objetivo de fortalecer la profesionalizaci\u00f3n, preparaci\u00f3n y desempe\u00f1o de los elementos encargados de salvaguardar la seguridad de la poblaci\u00f3n, el Gobierno Municipal que preside Oscar Serra Cantoral, a trav\u00e9s del Secretariado Ejecutivo del Consejo Municipal de Seguridad P\u00fablica y en coordinaci\u00f3n con la Universidad de Seguridad P\u00fablica del Sureste de la Secretar\u00eda de Seguridad del Pueblo, llev\u00f3 a cabo la inauguraci\u00f3n de los Cursos de Formaci\u00f3n Inicial para Polic\u00edas de Proximidad y Competencias B\u00e1sicas de la Funci\u00f3n Policial.<\/p>\n\n\n\n<p class=\"wp-block-paragraph\">Estos cursos representan una acci\u00f3n fundamental para fortalecer los conocimientos, habilidades y capacidades de los elementos de la Polic\u00eda Municipal de Ju\u00e1rez, contribuyendo a que desempe\u00f1en sus funciones con mayor preparaci\u00f3n y bajo los principios que demanda el servicio de seguridad p\u00fablica. La capacitaci\u00f3n permitir\u00e1 reforzar la actuaci\u00f3n policial y continuar avanzando en la profesionalizaci\u00f3n de la corporaci\u00f3n municipal.<\/p>\n\n\n\n<p class=\"wp-block-paragraph\">En su mensaje, el presidente municipal destac\u00f3 que la capacitaci\u00f3n permanente de los elementos policiales es fundamental para contar con una corporaci\u00f3n mejor preparada, profesional y cercana a la ciudadan\u00eda. Asimismo, se\u00f1al\u00f3 que su administraci\u00f3n continuar\u00e1 impulsando acciones que fortalezcan los conocimientos, habilidades y capacidades de quienes tienen la responsabilidad de proteger a las familias juare\u00f1as, reiterando que la seguridad p\u00fablica requiere preparaci\u00f3n, disciplina, responsabilidad y vocaci\u00f3n de servicio.<\/p>\n\n\n\n<p class=\"wp-block-paragraph\">Durante la inauguraci\u00f3n estuvieron presentes el Lic. \u00d3scar Leonardo Guti\u00e9rrez Anzueto, docente e instructor de la Universidad de Seguridad P\u00fablica del Sureste; Lic. Mois\u00e9s Aguilar Torres, delegado del Secretariado Ejecutivo del Sistema Estatal de Seguridad P\u00fablica; Felisa Soberano Zenteno, s\u00edndica municipal; Carlos Augusto Morales Ch\u00e1vez, regidor de la Comisi\u00f3n de Seguridad P\u00fablica; Jes\u00fas Silva Arzat, regidor; Jos\u00e9 Luis Rojas Rodr\u00edguez, en representaci\u00f3n del Lic. Leonardo Cruz Pereyra, delegado de la Guardia Vial Preventiva; y Nicol\u00e1s Mart\u00ednez Trejo, director de la Polic\u00eda Municipal de Ju\u00e1rez, Chiapas.<\/p>\n\n\n\n<p class=\"wp-block-paragraph\">Con estas acciones, el Gobierno Municipal contin\u00faa impulsando la capacitaci\u00f3n y profesionalizaci\u00f3n de los cuerpos policiales, fortaleciendo la coordinaci\u00f3n con las instituciones de seguridad y dotando a los elementos municipales de mayores herramientas para desempe\u00f1ar sus responsabilidades con eficiencia, preparaci\u00f3n y vocaci\u00f3n de servicio en beneficio de las familias juare\u00f1as.<\/p>\n","protected":false},"excerpt":{"rendered":"<p>Con el objetivo de fortalecer la profesionalizaci\u00f3n, preparaci\u00f3n y desempe\u00f1o de los elementos encargados de salvaguardar la seguridad de la poblaci\u00f3n, el Gobierno Municipal que preside Oscar Serra Cantoral, a trav\u00e9s del Secretariado Ejecutivo del Consejo Municipal de Seguridad P\u00fablica y en coordinaci\u00f3n con la Universidad de Seguridad P\u00fablica del Sureste de la Secretar\u00eda de [&hellip;]<\/p>\n","protected":false},"author":1,"featured_media":151844,"comment_status":"closed","ping_status":"closed","sticky":false,"template":"","format":"standard","meta":{"footnotes":""},"categories":[1],"tags":[],"class_list":["post-151821","post","type-post","status-publish","format-standard","has-post-thumbnail","hentry","category-general"],"_links":{"self":[{"href":"https:\/\/elobservadorzonanorte.com.mx\/index.php?rest_route=\/wp\/v2\/posts\/151821","targetHints":{"allow":["GET"]}}],"collection":[{"href":"https:\/\/elobservadorzonanorte.com.mx\/index.php?rest_route=\/wp\/v2\/posts"}],"about":[{"href":"https:\/\/elobservadorzonanorte.com.mx\/index.php?rest_route=\/wp\/v2\/types\/post"}],"author":[{"embeddable":true,"href":"https:\/\/elobservadorzonanorte.com.mx\/index.php?rest_route=\/wp\/v2\/users\/1"}],"replies":[{"embeddable":true,"href":"https:\/\/elobservadorzonanorte.com.mx\/index.php?rest_route=%2Fwp%2Fv2%2Fcomments&post=151821"}],"version-history":[{"count":1,"href":"https:\/\/elobservadorzonanorte.com.mx\/index.php?rest_route=\/wp\/v2\/posts\/151821\/revisions"}],"predecessor-version":[{"id":151845,"href":"https:\/\/elobservadorzonanorte.com.mx\/index.php?rest_route=\/wp\/v2\/posts\/151821\/revisions\/151845"}],"wp:featuredmedia":[{"embeddable":true,"href":"https:\/\/elobservadorzonanorte.com.mx\/index.php?rest_route=\/wp\/v2\/media\/151844"}],"wp:attachment":[{"href":"https:\/\/elobservadorzonanorte.com.mx\/index.php?rest_route=%2Fwp%2Fv2%2Fmedia&parent=151821"}],"wp:term":[{"taxonomy":"category","embeddable":true,"href":"https:\/\/elobservadorzonanorte.com.mx\/index.php?rest_route=%2Fwp%2Fv2%2Fcategories&post=151821"},{"taxonomy":"post_tag","embeddable":true,"href":"https:\/\/elobservadorzonanorte.com.mx\/index.php?rest_route=%2Fwp%2Fv2%2Ftags&post=151821"}],"curies":[{"name":"wp","href":"https:\/\/api.w.org\/{rel}","templated":true}]}}