{"id":151803,"date":"2026-09-02T05:34:10","date_gmt":"2026-09-02T05:34:10","guid":{"rendered":"https:\/\/elobservadorzonanorte.com.mx\/?p=151803"},"modified":"2026-09-02T05:34:11","modified_gmt":"2026-09-02T05:34:11","slug":"de-este-tamano-es-la-sequia-en-chiapas-este-ano","status":"publish","type":"post","link":"https:\/\/elobservadorzonanorte.com.mx\/?p=151803","title":{"rendered":"De este tama\u00f1o es la sequ\u00eda en Chiapas este a\u00f1o."},"content":{"rendered":"\n<figure class=\"wp-block-image size-large\"><img decoding=\"async\" width=\"600\" height=\"450\" src=\"https:\/\/elobservadorzonanorte.com.mx\/wp-content\/uploads\/2026\/09\/imagen-73-600x450.png\" alt=\"\" class=\"wp-image-151818\" srcset=\"https:\/\/elobservadorzonanorte.com.mx\/wp-content\/uploads\/2026\/09\/imagen-73-600x450.png 600w, https:\/\/elobservadorzonanorte.com.mx\/wp-content\/uploads\/2026\/09\/imagen-73-300x225.png 300w, https:\/\/elobservadorzonanorte.com.mx\/wp-content\/uploads\/2026\/09\/imagen-73.png 720w\" sizes=\"(max-width: 600px) 100vw, 600px\" \/><\/figure>\n\n\n\n<p class=\"wp-block-paragraph\">La gr\u00e1fica que muestra el monitoreo de la Conagua, hasta el 15 de agosto pasado, coloca a Chiapas como la entidad con la mayor afectaci\u00f3n territorial por la sequ\u00eda (an\u00f3mala y moderada) de este 2026.<\/p>\n","protected":false},"excerpt":{"rendered":"<p>La gr\u00e1fica que muestra el monitoreo de la Conagua, hasta el 15 de agosto pasado, coloca a Chiapas como la entidad con la mayor afectaci\u00f3n territorial por la sequ\u00eda (an\u00f3mala y moderada) de este 2026.<\/p>\n","protected":false},"author":1,"featured_media":151818,"comment_status":"closed","ping_status":"closed","sticky":false,"template":"","format":"standard","meta":{"footnotes":""},"categories":[1],"tags":[],"class_list":["post-151803","post","type-post","status-publish","format-standard","has-post-thumbnail","hentry","category-general"],"_links":{"self":[{"href":"https:\/\/elobservadorzonanorte.com.mx\/index.php?rest_route=\/wp\/v2\/posts\/151803","targetHints":{"allow":["GET"]}}],"collection":[{"href":"https:\/\/elobservadorzonanorte.com.mx\/index.php?rest_route=\/wp\/v2\/posts"}],"about":[{"href":"https:\/\/elobservadorzonanorte.com.mx\/index.php?rest_route=\/wp\/v2\/types\/post"}],"author":[{"embeddable":true,"href":"https:\/\/elobservadorzonanorte.com.mx\/index.php?rest_route=\/wp\/v2\/users\/1"}],"replies":[{"embeddable":true,"href":"https:\/\/elobservadorzonanorte.com.mx\/index.php?rest_route=%2Fwp%2Fv2%2Fcomments&post=151803"}],"version-history":[{"count":1,"href":"https:\/\/elobservadorzonanorte.com.mx\/index.php?rest_route=\/wp\/v2\/posts\/151803\/revisions"}],"predecessor-version":[{"id":151819,"href":"https:\/\/elobservadorzonanorte.com.mx\/index.php?rest_route=\/wp\/v2\/posts\/151803\/revisions\/151819"}],"wp:featuredmedia":[{"embeddable":true,"href":"https:\/\/elobservadorzonanorte.com.mx\/index.php?rest_route=\/wp\/v2\/media\/151818"}],"wp:attachment":[{"href":"https:\/\/elobservadorzonanorte.com.mx\/index.php?rest_route=%2Fwp%2Fv2%2Fmedia&parent=151803"}],"wp:term":[{"taxonomy":"category","embeddable":true,"href":"https:\/\/elobservadorzonanorte.com.mx\/index.php?rest_route=%2Fwp%2Fv2%2Fcategories&post=151803"},{"taxonomy":"post_tag","embeddable":true,"href":"https:\/\/elobservadorzonanorte.com.mx\/index.php?rest_route=%2Fwp%2Fv2%2Ftags&post=151803"}],"curies":[{"name":"wp","href":"https:\/\/api.w.org\/{rel}","templated":true}]}}