{"id":151797,"date":"2026-09-02T05:31:56","date_gmt":"2026-09-02T05:31:56","guid":{"rendered":"https:\/\/elobservadorzonanorte.com.mx\/?p=151797"},"modified":"2026-09-02T05:31:56","modified_gmt":"2026-09-02T05:31:56","slug":"promueve-indeporte-y-fldch-inef-profesionalizacion-de-atletas-chiapanecos","status":"publish","type":"post","link":"https:\/\/elobservadorzonanorte.com.mx\/?p=151797","title":{"rendered":"PROMUEVE INDEPORTE Y FLDCH-INEF PROFESIONALIZACI\u00d3N DE ATLETAS CHIAPANECOS"},"content":{"rendered":"\n<figure class=\"wp-block-image size-large\"><img decoding=\"async\" width=\"600\" height=\"400\" src=\"https:\/\/elobservadorzonanorte.com.mx\/wp-content\/uploads\/2026\/09\/imagen-67-600x400.png\" alt=\"\" class=\"wp-image-151806\" srcset=\"https:\/\/elobservadorzonanorte.com.mx\/wp-content\/uploads\/2026\/09\/imagen-67-600x400.png 600w, https:\/\/elobservadorzonanorte.com.mx\/wp-content\/uploads\/2026\/09\/imagen-67-300x200.png 300w, https:\/\/elobservadorzonanorte.com.mx\/wp-content\/uploads\/2026\/09\/imagen-67-768x511.png 768w, https:\/\/elobservadorzonanorte.com.mx\/wp-content\/uploads\/2026\/09\/imagen-67.png 811w\" sizes=\"(max-width: 600px) 100vw, 600px\" \/><\/figure>\n\n\n\n<p class=\"wp-block-paragraph\">Como parte de la responsabilidad para formar de manera integral a los atletas, e impulsar la profesionalizaci\u00f3n del personal de la dependencia, el Instituto del Deporte firm\u00f3 un convenio de colaboraci\u00f3n con la Facultad Libre de Derecho de Chiapas y la Escuela de Negocios y Emprendimiento.<\/p>\n\n\n\n<p class=\"wp-block-paragraph\">La Lic. B\u00e1rbara Alt\u00fazar Galindo, directora general del Indeporte y el Dr. Gabriel Enrique Bravo del Carpio, rector de la Facultad Libre de Derecho y el INEF, signaron este acuerdo, para posteriormente realizar un recorrido por las instalaciones de esta prestigiosa instituci\u00f3n con 30 a\u00f1os de experiencia.<\/p>\n\n\n\n<p class=\"wp-block-paragraph\">Juan Ferm\u00edn carrasco Gonz\u00e1lez, director de Desarrollo del Deporte y Mauro Ch\u00e1vez Lastra, director de Cultura F\u00edsica, acompa\u00f1aron a la titular del deporte del estado en este evento.<\/p>\n\n\n\n<p class=\"wp-block-paragraph\">Beneficios del convenio:<\/p>\n\n\n\n<p class=\"wp-block-paragraph\">Dirigido a deportistas de alto rendimiento, personal y familiares del Instituto del Deporte<\/p>\n\n\n\n<p class=\"wp-block-paragraph\">*Descuento de 75% en inscripciones y colegiaturas en la Licenciatura en Derecho (Cuatrimestral)<\/p>\n\n\n\n<p class=\"wp-block-paragraph\">*Descuento de 60 y 70% en inscripciones y colegiaturas en la Licenciatura en Derecho y Negocios con Enfoque en Emprendimiento (semestral)<\/p>\n\n\n\n<p class=\"wp-block-paragraph\">*Descuento del 80% en la inscripci\u00f3n en maestr\u00eda y doctorados<\/p>\n\n\n\n<p class=\"wp-block-paragraph\">*Descuento del 80% en inscripci\u00f3n y 75% en colegiaturas en doctorados<\/p>\n","protected":false},"excerpt":{"rendered":"<p>Como parte de la responsabilidad para formar de manera integral a los atletas, e impulsar la profesionalizaci\u00f3n del personal de la dependencia, el Instituto del Deporte firm\u00f3 un convenio de colaboraci\u00f3n con la Facultad Libre de Derecho de Chiapas y la Escuela de Negocios y Emprendimiento. La Lic. B\u00e1rbara Alt\u00fazar Galindo, directora general del Indeporte [&hellip;]<\/p>\n","protected":false},"author":1,"featured_media":151806,"comment_status":"closed","ping_status":"closed","sticky":false,"template":"","format":"standard","meta":{"footnotes":""},"categories":[1],"tags":[],"class_list":["post-151797","post","type-post","status-publish","format-standard","has-post-thumbnail","hentry","category-general"],"_links":{"self":[{"href":"https:\/\/elobservadorzonanorte.com.mx\/index.php?rest_route=\/wp\/v2\/posts\/151797","targetHints":{"allow":["GET"]}}],"collection":[{"href":"https:\/\/elobservadorzonanorte.com.mx\/index.php?rest_route=\/wp\/v2\/posts"}],"about":[{"href":"https:\/\/elobservadorzonanorte.com.mx\/index.php?rest_route=\/wp\/v2\/types\/post"}],"author":[{"embeddable":true,"href":"https:\/\/elobservadorzonanorte.com.mx\/index.php?rest_route=\/wp\/v2\/users\/1"}],"replies":[{"embeddable":true,"href":"https:\/\/elobservadorzonanorte.com.mx\/index.php?rest_route=%2Fwp%2Fv2%2Fcomments&post=151797"}],"version-history":[{"count":1,"href":"https:\/\/elobservadorzonanorte.com.mx\/index.php?rest_route=\/wp\/v2\/posts\/151797\/revisions"}],"predecessor-version":[{"id":151807,"href":"https:\/\/elobservadorzonanorte.com.mx\/index.php?rest_route=\/wp\/v2\/posts\/151797\/revisions\/151807"}],"wp:featuredmedia":[{"embeddable":true,"href":"https:\/\/elobservadorzonanorte.com.mx\/index.php?rest_route=\/wp\/v2\/media\/151806"}],"wp:attachment":[{"href":"https:\/\/elobservadorzonanorte.com.mx\/index.php?rest_route=%2Fwp%2Fv2%2Fmedia&parent=151797"}],"wp:term":[{"taxonomy":"category","embeddable":true,"href":"https:\/\/elobservadorzonanorte.com.mx\/index.php?rest_route=%2Fwp%2Fv2%2Fcategories&post=151797"},{"taxonomy":"post_tag","embeddable":true,"href":"https:\/\/elobservadorzonanorte.com.mx\/index.php?rest_route=%2Fwp%2Fv2%2Ftags&post=151797"}],"curies":[{"name":"wp","href":"https:\/\/api.w.org\/{rel}","templated":true}]}}