{"id":151711,"date":"2026-09-02T05:30:25","date_gmt":"2026-09-02T05:30:25","guid":{"rendered":"https:\/\/elobservadorzonanorte.com.mx\/?p=151711"},"modified":"2026-09-02T05:30:26","modified_gmt":"2026-09-02T05:30:26","slug":"celebramos-a-nuestros-abuelitos-en-sunuapa","status":"publish","type":"post","link":"https:\/\/elobservadorzonanorte.com.mx\/?p=151711","title":{"rendered":"\u00a1Celebramos a nuestros abuelitos en Sunuapa!"},"content":{"rendered":"\n<figure class=\"wp-block-image size-full\"><img decoding=\"async\" width=\"443\" height=\"590\" src=\"https:\/\/elobservadorzonanorte.com.mx\/wp-content\/uploads\/2026\/09\/imagen-64.png\" alt=\"\" class=\"wp-image-151793\" srcset=\"https:\/\/elobservadorzonanorte.com.mx\/wp-content\/uploads\/2026\/09\/imagen-64.png 443w, https:\/\/elobservadorzonanorte.com.mx\/wp-content\/uploads\/2026\/09\/imagen-64-225x300.png 225w\" sizes=\"(max-width: 443px) 100vw, 443px\" \/><\/figure>\n\n\n\n<p class=\"wp-block-paragraph\">Con mucha alegr\u00eda, cari\u00f1o y entusiasmo, el DIF Municipal de Sunuapa llev\u00f3 a cabo un bonito festejo con las y los adultos mayores que forman parte de Casa D\u00eda, con motivo del D\u00eda del Abuelo y la Abuela, celebrado el pasado 28 de agosto.<\/p>\n\n\n\n<p class=\"wp-block-paragraph\">Durante esta celebraci\u00f3n, nuestros abuelitos disfrutaron de diferentes actividades preparadas especialmente para ellos, compartiendo momentos de alegr\u00eda, amistad y convivencia.<\/p>\n\n\n\n<p class=\"wp-block-paragraph\">Adem\u00e1s, participaron en el tradicional juego de loter\u00eda, fortaleciendo los lazos de unidad y compa\u00f1erismo entre todas y todos.<\/p>\n\n\n\n<p class=\"wp-block-paragraph\">La Presidenta del DIF Municipal, Lic. Flor de Mar\u00eda Bernal \u00c1lvarez, destac\u00f3 la importancia de reconocer y celebrar a nuestros adultos mayores, quienes con su experiencia, sabidur\u00eda y trayectoria representan un gran ejemplo para las nuevas generaciones.<\/p>\n\n\n\n<p class=\"wp-block-paragraph\">Asimismo, resalt\u00f3 que desde Casa D\u00eda se trabaja de manera permanente para brindarles espacios de convivencia, aprendizaje y desarrollo, mediante actividades recreativas y manualidades que contribuyen a fortalecer su bienestar y mantenerlos activos.<\/p>\n\n\n\n<p class=\"wp-block-paragraph\">Por su parte, el Presidente Municipal, Lic. Fredi Ram\u00edrez D\u00edaz, felicit\u00f3 con mucho cari\u00f1o a las abuelitas y abuelitos presentes, reconociendo el importante lugar que ocupan dentro de las familias y de nuestra sociedad.<\/p>\n\n\n\n<p class=\"wp-block-paragraph\">Como parte de este significativo festejo, el Presidente Municipal, la Presidenta del DIF y la Directora del DIF, Lorena S\u00e1nchez Rodr\u00edguez, entregaron reconocimientos a las y los abuelitos que participan activamente en Casa D\u00eda, adem\u00e1s de brindarles un bonito presente como muestra de cari\u00f1o y reconocimiento.<\/p>\n\n\n\n<p class=\"wp-block-paragraph\">En el DIF Municipal de Sunuapa seguiremos trabajando por nuestros adultos mayores, creando espacios donde puedan convivir, aprender, sentirse queridos y disfrutar plenamente de esta etapa de sus vidas.<\/p>\n\n\n\n<p class=\"wp-block-paragraph\">\u00a1Feliz D\u00eda del Abuelo y la Abuela!<\/p>\n","protected":false},"excerpt":{"rendered":"<p>Con mucha alegr\u00eda, cari\u00f1o y entusiasmo, el DIF Municipal de Sunuapa llev\u00f3 a cabo un bonito festejo con las y los adultos mayores que forman parte de Casa D\u00eda, con motivo del D\u00eda del Abuelo y la Abuela, celebrado el pasado 28 de agosto. Durante esta celebraci\u00f3n, nuestros abuelitos disfrutaron de diferentes actividades preparadas especialmente [&hellip;]<\/p>\n","protected":false},"author":1,"featured_media":151793,"comment_status":"closed","ping_status":"closed","sticky":false,"template":"","format":"standard","meta":{"footnotes":""},"categories":[1],"tags":[],"class_list":["post-151711","post","type-post","status-publish","format-standard","has-post-thumbnail","hentry","category-general"],"_links":{"self":[{"href":"https:\/\/elobservadorzonanorte.com.mx\/index.php?rest_route=\/wp\/v2\/posts\/151711","targetHints":{"allow":["GET"]}}],"collection":[{"href":"https:\/\/elobservadorzonanorte.com.mx\/index.php?rest_route=\/wp\/v2\/posts"}],"about":[{"href":"https:\/\/elobservadorzonanorte.com.mx\/index.php?rest_route=\/wp\/v2\/types\/post"}],"author":[{"embeddable":true,"href":"https:\/\/elobservadorzonanorte.com.mx\/index.php?rest_route=\/wp\/v2\/users\/1"}],"replies":[{"embeddable":true,"href":"https:\/\/elobservadorzonanorte.com.mx\/index.php?rest_route=%2Fwp%2Fv2%2Fcomments&post=151711"}],"version-history":[{"count":1,"href":"https:\/\/elobservadorzonanorte.com.mx\/index.php?rest_route=\/wp\/v2\/posts\/151711\/revisions"}],"predecessor-version":[{"id":151794,"href":"https:\/\/elobservadorzonanorte.com.mx\/index.php?rest_route=\/wp\/v2\/posts\/151711\/revisions\/151794"}],"wp:featuredmedia":[{"embeddable":true,"href":"https:\/\/elobservadorzonanorte.com.mx\/index.php?rest_route=\/wp\/v2\/media\/151793"}],"wp:attachment":[{"href":"https:\/\/elobservadorzonanorte.com.mx\/index.php?rest_route=%2Fwp%2Fv2%2Fmedia&parent=151711"}],"wp:term":[{"taxonomy":"category","embeddable":true,"href":"https:\/\/elobservadorzonanorte.com.mx\/index.php?rest_route=%2Fwp%2Fv2%2Fcategories&post=151711"},{"taxonomy":"post_tag","embeddable":true,"href":"https:\/\/elobservadorzonanorte.com.mx\/index.php?rest_route=%2Fwp%2Fv2%2Ftags&post=151711"}],"curies":[{"name":"wp","href":"https:\/\/api.w.org\/{rel}","templated":true}]}}