{"id":151703,"date":"2026-09-02T05:21:21","date_gmt":"2026-09-02T05:21:21","guid":{"rendered":"https:\/\/elobservadorzonanorte.com.mx\/?p=151703"},"modified":"2026-09-02T05:21:22","modified_gmt":"2026-09-02T05:21:22","slug":"gobierno-humanista-reconoce-a-adultos-mayores-dentro-del-marco-del-dia-del-abuelo","status":"publish","type":"post","link":"https:\/\/elobservadorzonanorte.com.mx\/?p=151703","title":{"rendered":"Gobierno humanista reconoce a adultos mayores dentro del marco del \u00abD\u00eda del Abuelo\u00bb"},"content":{"rendered":"\n<figure class=\"wp-block-image size-full\"><img decoding=\"async\" width=\"590\" height=\"332\" src=\"https:\/\/elobservadorzonanorte.com.mx\/wp-content\/uploads\/2026\/09\/imagen-45.png\" alt=\"\" class=\"wp-image-151739\" srcset=\"https:\/\/elobservadorzonanorte.com.mx\/wp-content\/uploads\/2026\/09\/imagen-45.png 590w, https:\/\/elobservadorzonanorte.com.mx\/wp-content\/uploads\/2026\/09\/imagen-45-300x169.png 300w\" sizes=\"(max-width: 590px) 100vw, 590px\" \/><\/figure>\n\n\n\n<p class=\"wp-block-paragraph\">El ayuntamiento municipal que preside <a href=\"https:\/\/www.facebook.com\/domingo.trejo1?__cft__[0]=AZh6Z1wY1zM91IopnTMqmMQFRNvtaW8QfiIQ2qibbKxxAgSG1s-HMM7g1ORVEY2zQVJHHfC_u_0M8WbLg5NE5X3Ka5fGv7Sv8flCmp7RM97PeiLgXaU66NIUYJoKGrazWlqh7SYiZtg0bws2LuSkYUq4fef7kEbO7kdmYJ8bMSG61_ud3XhSkr-h6jM&amp;__tn__=-]K-R\" target=\"_blank\" rel=\"noopener\">Domingo Trejo<\/a> en coordinaci\u00f3n con el DIF municipal encabezado por la Lic. Sonia Adelis Hern\u00e1ndez Gonz\u00e1lez festejaron con mucha alegr\u00eda a los abuelos de casa d\u00eda Ray\u00f3n y casa d\u00eda Guayabal.<\/p>\n\n\n\n<p class=\"wp-block-paragraph\">Una fecha tan especial dedicada a honrar a quienes con su sabidur\u00eda, cari\u00f1o y sonrisas llenan de luz a nuestros hogares y a todo el municipio.<\/p>\n\n\n\n<p class=\"wp-block-paragraph\">Los festejados disfrutaron de una jornada llena de sorpresas, rifas, din\u00e1micas de integraci\u00f3n y el inigualable ambiente de la m\u00fasica de marimba.<\/p>\n\n\n\n<p class=\"wp-block-paragraph\">Durante el evento las autoridades agradecieron a la casa de la cultura por los bailables presentados, que los contagi\u00f3 de alegr\u00eda a todos los presentes.<\/p>\n\n\n\n<p class=\"wp-block-paragraph\">\u00abGracias a cada abuelita y abuelito por acompa\u00f1arnos, por ense\u00f1arnos tanto y por regalarnos el coraz\u00f3n en cada abrazo. \u00a1Nuestra admiraci\u00f3n y cari\u00f1o para ustedes hoy y siempre!<\/p>\n\n\n\n<p class=\"wp-block-paragraph\">Reiteramos nuestro compromiso de seguir trabajando con el coraz\u00f3n por su bienestar\u00bb.<\/p>\n","protected":false},"excerpt":{"rendered":"<p>El ayuntamiento municipal que preside Domingo Trejo en coordinaci\u00f3n con el DIF municipal encabezado por la Lic. Sonia Adelis Hern\u00e1ndez Gonz\u00e1lez festejaron con mucha alegr\u00eda a los abuelos de casa d\u00eda Ray\u00f3n y casa d\u00eda Guayabal. Una fecha tan especial dedicada a honrar a quienes con su sabidur\u00eda, cari\u00f1o y sonrisas llenan de luz a [&hellip;]<\/p>\n","protected":false},"author":1,"featured_media":151739,"comment_status":"closed","ping_status":"closed","sticky":false,"template":"","format":"standard","meta":{"footnotes":""},"categories":[1],"tags":[],"class_list":["post-151703","post","type-post","status-publish","format-standard","has-post-thumbnail","hentry","category-general"],"_links":{"self":[{"href":"https:\/\/elobservadorzonanorte.com.mx\/index.php?rest_route=\/wp\/v2\/posts\/151703","targetHints":{"allow":["GET"]}}],"collection":[{"href":"https:\/\/elobservadorzonanorte.com.mx\/index.php?rest_route=\/wp\/v2\/posts"}],"about":[{"href":"https:\/\/elobservadorzonanorte.com.mx\/index.php?rest_route=\/wp\/v2\/types\/post"}],"author":[{"embeddable":true,"href":"https:\/\/elobservadorzonanorte.com.mx\/index.php?rest_route=\/wp\/v2\/users\/1"}],"replies":[{"embeddable":true,"href":"https:\/\/elobservadorzonanorte.com.mx\/index.php?rest_route=%2Fwp%2Fv2%2Fcomments&post=151703"}],"version-history":[{"count":1,"href":"https:\/\/elobservadorzonanorte.com.mx\/index.php?rest_route=\/wp\/v2\/posts\/151703\/revisions"}],"predecessor-version":[{"id":151740,"href":"https:\/\/elobservadorzonanorte.com.mx\/index.php?rest_route=\/wp\/v2\/posts\/151703\/revisions\/151740"}],"wp:featuredmedia":[{"embeddable":true,"href":"https:\/\/elobservadorzonanorte.com.mx\/index.php?rest_route=\/wp\/v2\/media\/151739"}],"wp:attachment":[{"href":"https:\/\/elobservadorzonanorte.com.mx\/index.php?rest_route=%2Fwp%2Fv2%2Fmedia&parent=151703"}],"wp:term":[{"taxonomy":"category","embeddable":true,"href":"https:\/\/elobservadorzonanorte.com.mx\/index.php?rest_route=%2Fwp%2Fv2%2Fcategories&post=151703"},{"taxonomy":"post_tag","embeddable":true,"href":"https:\/\/elobservadorzonanorte.com.mx\/index.php?rest_route=%2Fwp%2Fv2%2Ftags&post=151703"}],"curies":[{"name":"wp","href":"https:\/\/api.w.org\/{rel}","templated":true}]}}