{"id":151694,"date":"2026-09-02T05:17:36","date_gmt":"2026-09-02T05:17:36","guid":{"rendered":"https:\/\/elobservadorzonanorte.com.mx\/?p=151694"},"modified":"2026-09-02T05:17:38","modified_gmt":"2026-09-02T05:17:38","slug":"corre-por-tu-tierra","status":"publish","type":"post","link":"https:\/\/elobservadorzonanorte.com.mx\/?p=151694","title":{"rendered":"\u00a1CORRE POR TU TIERRA!"},"content":{"rendered":"\n<figure class=\"wp-block-image size-large\"><img decoding=\"async\" width=\"410\" height=\"600\" src=\"https:\/\/elobservadorzonanorte.com.mx\/wp-content\/uploads\/2026\/09\/imagen-36-410x600.png\" alt=\"\" class=\"wp-image-151717\" srcset=\"https:\/\/elobservadorzonanorte.com.mx\/wp-content\/uploads\/2026\/09\/imagen-36-410x600.png 410w, https:\/\/elobservadorzonanorte.com.mx\/wp-content\/uploads\/2026\/09\/imagen-36-205x300.png 205w, https:\/\/elobservadorzonanorte.com.mx\/wp-content\/uploads\/2026\/09\/imagen-36.png 526w\" sizes=\"(max-width: 410px) 100vw, 410px\" \/><\/figure>\n\n\n\n<p class=\"wp-block-paragraph\">Celebra con orgullo el 216 Aniversario de la Independencia de M\u00e9xico en la Carrera Atl\u00e9tica Solosuchiapa 2026.<\/p>\n\n\n\n<p class=\"wp-block-paragraph\"><img decoding=\"async\" height=\"16\" width=\"16\" alt=\"\ud83d\uddd3\ufe0f\" src=\"https:\/\/static.xx.fbcdn.net\/images\/emoji.php\/v9\/t5c\/1\/16\/1f5d3.png\"> 15 de Septiembre<\/p>\n\n\n\n<p class=\"wp-block-paragraph\"><img decoding=\"async\" height=\"16\" width=\"16\" alt=\"\ud83d\udd53\" src=\"https:\/\/static.xx.fbcdn.net\/images\/emoji.php\/v9\/t2b\/1\/16\/1f553.png\"> 4:00 pm<\/p>\n\n\n\n<p class=\"wp-block-paragraph\"><img decoding=\"async\" height=\"16\" width=\"16\" alt=\"\ud83d\udccd\" src=\"https:\/\/static.xx.fbcdn.net\/images\/emoji.php\/v9\/t2d\/1\/16\/1f4cd.png\"> Domo del Parque Central<\/p>\n\n\n\n<p class=\"wp-block-paragraph\">Distancias de 8 KM (Femenil) y 12 KM (Varonil) con premios en efectivo para los primeros lugares de las categor\u00edas Libre y M\u00e1ster. <img decoding=\"async\" height=\"16\" width=\"16\" alt=\"\ud83c\udfc6\" src=\"https:\/\/static.xx.fbcdn.net\/images\/emoji.php\/v9\/tbe\/1\/16\/1f3c6.png\"><\/p>\n\n\n\n<p class=\"wp-block-paragraph\"><img decoding=\"async\" height=\"16\" width=\"16\" alt=\"\ud83d\udea8\" src=\"https:\/\/static.xx.fbcdn.net\/images\/emoji.php\/v9\/t45\/1\/16\/1f6a8.png\"> Fecha l\u00edmite de inscripci\u00f3n: Hasta el 8 de septiembre.<\/p>\n\n\n\n<p class=\"wp-block-paragraph\"><img decoding=\"async\" height=\"16\" width=\"16\" alt=\"\ud83d\udcf2\" src=\"https:\/\/static.xx.fbcdn.net\/images\/emoji.php\/v9\/td8\/1\/16\/1f4f2.png\"> Reg\u00edstrate: <a href=\"https:\/\/docs.google.com\/forms\/d\/e\/1FAIpQLScqq4zJtJA4ewN1RU93G4akuYx8WCCvByunlXUYQYeCf8Botg\/viewform\" rel=\"noreferrer noopener\" target=\"_blank\">https:\/\/docs.google.com\/&#8230;\/1FAIpQLScqq4zJtJA4ew&#8230;\/viewform<\/a><\/p>\n\n\n\n<p class=\"wp-block-paragraph\"><img decoding=\"async\" height=\"16\" width=\"16\" alt=\"\ud83d\udd34\" src=\"https:\/\/static.xx.fbcdn.net\/images\/emoji.php\/v9\/t6e\/1\/16\/1f534.png\"> No hay otro medio de inscripci\u00f3n, por cualquier situaci\u00f3n escribir a la p\u00e1gina del H. Ayuntamiento Solosuchiapa.<\/p>\n\n\n\n<p class=\"wp-block-paragraph\">\u00a1S\u00e9 parte de esta gran fiesta atl\u00e9tica! \u00a1Te esperamos! <img decoding=\"async\" height=\"16\" width=\"16\" alt=\"\ud83c\udf89\" src=\"https:\/\/static.xx.fbcdn.net\/images\/emoji.php\/v9\/t8c\/1\/16\/1f389.png\"><\/p>\n\n\n\n<p class=\"wp-block-paragraph\">Invita el gobierno municipal que preside <a href=\"https:\/\/www.facebook.com\/fernando.a.gomez.39?__cft__[0]=AZiJxWH4g5l69y7nPTLXkFb7MgtEmpdCa2juRSl-D7iWDvTDWgdlJ4PBju548kiZlVMnrSDLYB5hHLucXtTzRKWLhyq2iVRrKSmUDK0Tn6mCOyXg3q148MrPQKozLbhoDULnzyKdnaoPQ6CmxCrazXnl5LjiqJZ4-U38TAVEofMzQI5fVJkdQFJJ-fQ&amp;__tn__=-]K-R\" target=\"_blank\" rel=\"noopener\">Fernando Aparicio G\u00f3mez<\/a><\/p>\n","protected":false},"excerpt":{"rendered":"<p>Celebra con orgullo el 216 Aniversario de la Independencia de M\u00e9xico en la Carrera Atl\u00e9tica Solosuchiapa 2026. 15 de Septiembre 4:00 pm Domo del Parque Central Distancias de 8 KM (Femenil) y 12 KM (Varonil) con premios en efectivo para los primeros lugares de las categor\u00edas Libre y M\u00e1ster. Fecha l\u00edmite de inscripci\u00f3n: Hasta el [&hellip;]<\/p>\n","protected":false},"author":1,"featured_media":151717,"comment_status":"closed","ping_status":"closed","sticky":false,"template":"","format":"standard","meta":{"footnotes":""},"categories":[1],"tags":[],"class_list":["post-151694","post","type-post","status-publish","format-standard","has-post-thumbnail","hentry","category-general"],"_links":{"self":[{"href":"https:\/\/elobservadorzonanorte.com.mx\/index.php?rest_route=\/wp\/v2\/posts\/151694","targetHints":{"allow":["GET"]}}],"collection":[{"href":"https:\/\/elobservadorzonanorte.com.mx\/index.php?rest_route=\/wp\/v2\/posts"}],"about":[{"href":"https:\/\/elobservadorzonanorte.com.mx\/index.php?rest_route=\/wp\/v2\/types\/post"}],"author":[{"embeddable":true,"href":"https:\/\/elobservadorzonanorte.com.mx\/index.php?rest_route=\/wp\/v2\/users\/1"}],"replies":[{"embeddable":true,"href":"https:\/\/elobservadorzonanorte.com.mx\/index.php?rest_route=%2Fwp%2Fv2%2Fcomments&post=151694"}],"version-history":[{"count":1,"href":"https:\/\/elobservadorzonanorte.com.mx\/index.php?rest_route=\/wp\/v2\/posts\/151694\/revisions"}],"predecessor-version":[{"id":151718,"href":"https:\/\/elobservadorzonanorte.com.mx\/index.php?rest_route=\/wp\/v2\/posts\/151694\/revisions\/151718"}],"wp:featuredmedia":[{"embeddable":true,"href":"https:\/\/elobservadorzonanorte.com.mx\/index.php?rest_route=\/wp\/v2\/media\/151717"}],"wp:attachment":[{"href":"https:\/\/elobservadorzonanorte.com.mx\/index.php?rest_route=%2Fwp%2Fv2%2Fmedia&parent=151694"}],"wp:term":[{"taxonomy":"category","embeddable":true,"href":"https:\/\/elobservadorzonanorte.com.mx\/index.php?rest_route=%2Fwp%2Fv2%2Fcategories&post=151694"},{"taxonomy":"post_tag","embeddable":true,"href":"https:\/\/elobservadorzonanorte.com.mx\/index.php?rest_route=%2Fwp%2Fv2%2Ftags&post=151694"}],"curies":[{"name":"wp","href":"https:\/\/api.w.org\/{rel}","templated":true}]}}